{"id":578,"date":"2017-03-16T13:13:17","date_gmt":"2017-03-16T12:13:17","guid":{"rendered":"http:\/\/www.sinkacom.de\/blog\/?p=578"},"modified":"2019-08-07T08:59:59","modified_gmt":"2019-08-07T06:59:59","slug":"wettbewerb-digitale-stadt-startet","status":"publish","type":"post","link":"https:\/\/www.sinkacom.de\/blog\/wettbewerb-digitale-stadt-startet\/","title":{"rendered":"Wettbewerb &#8222;digitale Stadt&#8220; startet"},"content":{"rendered":"<div class=\"wpb-content-wrapper\"><p>[vc_row][vc_column]<div id=\"ultimate-heading-284569ef7471df08b\" class=\"uvc-heading ult-adjust-bottom-margin ultimate-heading-284569ef7471df08b uvc-8531  uvc-heading-default-font-sizes\" data-hspacer=\"no_spacer\"  data-halign=\"left\" style=\"text-align:left\"><div class=\"uvc-heading-spacer no_spacer\" style=\"top\"><\/div><div class=\"uvc-main-heading ult-responsive\"  data-ultimate-target='.uvc-heading.ultimate-heading-284569ef7471df08b h1'  data-responsive-json-new='{\"font-size\":\"\",\"line-height\":\"\"}' ><h1 style=\"--font-weight:theme;margin-bottom:30px;\">Wettbewerb ''digitale Stadt'' startet<\/h1><\/div><\/div>[vc_column_text]<\/p>\r\n<p>Der Bitkom und seine Mitglieder m\u00f6chten die Digitale Stadt Europas aufbauen, weg von Einzell\u00f6sungen, hin zu einem umfassenden und integrierten Ansatz.<\/p>\r\n\r\n<p>&nbsp;<\/p>\r\n\r\n<h2 class=\"wp-block-heading\">Deutschlands Innenst\u00e4dte digital pushen<\/h2>\r\n\r\n<p>Die Bitkom m\u00f6chte damit zeigen, dass Deutschland ein Vorreiter von itelligenter und digitaler Stadtentwicklung sein kann. In einem einzigartigen Leuchtturmprojekt soll demonstriert werden, wie die Stadt der Zukunft aussehen k\u00f6nnte &#8211; auf Basis modernster Telekommunikations-Infrastruktur und durch innovative L\u00f6sungen in den Bereichen Energie, Verkehr, Verwaltung, Gesundheit, Bildung, Handel, Sicherheit und Gesellschaft. Lebenswert, effizient und nachhaltig.<\/p>\r\n\r\n<p>&nbsp;<\/p>\r\n\r\n<h2 class=\"wp-block-heading\">Digital, innovativ, intelligent.<\/h2>\r\n\r\n<p>Deutschland schafft es zurzeit nicht einmal unter die Top 20 des <strong>EU Smart City Rankings<\/strong> der TU Wien und TU Delft! Viele EU-L\u00e4nder sind uns in Sachen Digitalisierung, insbesondere im Bereich des fl\u00e4chendeckenden WLAN voraus.<br \/>Warum hinkt Deutschland hinterher? Welche gesetzlichen und b\u00fcrokratischen H\u00fcrden behindern die digitale Transformation in Innenst\u00e4dten? Und wie k\u00f6nnen Innenst\u00e4dte trotzdem zukunftssicher werden? Was k\u00f6nnen wir von unseren Nachbarn lernen und wer liefert die Technologie dazu?<\/p>\r\n\r\n<p>&nbsp;<\/p>\r\n\r\n<h2 class=\"wp-block-heading\">Ein spannendes Projekt<\/h2>\r\n\r\n<p>Bis zum 15. M\u00e4rz hatten St\u00e4dte die Gelegenheit, sich f\u00fcr das Leuchtturmprojekt zu bewerben. Ein breites Netzwerk an Technologieunternehmen und Digital-Experten wird die Gewinnerstadt dabei unterst\u00fctzen, ein umfassendes Digital-Konzept zu entwickeln und umzusetzen.<\/p>\r\n\r\n<p>Mehr Informationen zum Wettbewerb der BITKOM finden Sie <a href=\"http:\/\/www.digitalestadt.org\/bitkom\/org\/Digitale-Stadt\/index-2.html\" target=\"_blank\" rel=\"noreferrer noopener\">hier.<\/a><\/p>\r\n\r\n<p>&nbsp;<\/p>\r\n<p>[\/vc_column_text][\/vc_column][\/vc_row]<\/p><\/div>","protected":false},"excerpt":{"rendered":"<p>[vc_row][vc_column][vc_column_text] Der Bitkom und seine Mitglieder m\u00f6chten die Digitale Stadt Europas aufbauen, weg von Einzell\u00f6sungen, hin zu einem umfassenden und integrierten Ansatz. &nbsp; Deutschlands Innenst\u00e4dte digital pushen Die Bitkom m\u00f6chte damit zeigen, dass Deutschland ein Vorreiter von itelligenter und digitaler Stadtentwicklung sein kann. In einem einzigartigen Leuchtturmprojekt soll demonstriert werden, wie die Stadt der Zukunft&hellip;<\/p>\n","protected":false},"author":6,"featured_media":580,"comment_status":"open","ping_status":"open","sticky":false,"template":"","format":"standard","meta":{"footnotes":""},"categories":[3],"tags":[63,28],"class_list":["post-578","post","type-post","status-publish","format-standard","has-post-thumbnail","hentry","category-innenstadt","tag-digitale-stadt","tag-innenstadt30","category-3","description-off"],"yoast_head":"<!-- This site is optimized with the Yoast SEO plugin v25.7 - https:\/\/yoast.com\/wordpress\/plugins\/seo\/ -->\n<title>SinkaCom Blog - Wettbewerb &quot;digitale Stadt&quot; startet<\/title>\n<meta name=\"description\" content=\"Der Bitkom und seine Mitglieder m\u00f6chten die Digitale Stadt Europas aufbauen, weg von Einzell\u00f6sungen, hin zu einem umfassenden und integrierten\" \/>\n<meta name=\"robots\" content=\"index, follow, max-snippet:-1, max-image-preview:large, max-video-preview:-1\" \/>\n<link rel=\"canonical\" href=\"https:\/\/www.sinkacom.de\/blog\/wettbewerb-digitale-stadt-startet\/\" \/>\n<meta property=\"og:locale\" content=\"de_DE\" \/>\n<meta property=\"og:type\" content=\"article\" \/>\n<meta property=\"og:title\" content=\"SinkaCom Blog - Wettbewerb &quot;digitale Stadt&quot; startet\" \/>\n<meta property=\"og:description\" content=\"Der Bitkom und seine Mitglieder m\u00f6chten die Digitale Stadt Europas aufbauen, weg von Einzell\u00f6sungen, hin zu einem umfassenden und integrierten\" \/>\n<meta property=\"og:url\" content=\"https:\/\/www.sinkacom.de\/blog\/wettbewerb-digitale-stadt-startet\/\" \/>\n<meta property=\"og:site_name\" content=\"SinkaCom Blog\" \/>\n<meta property=\"article:published_time\" content=\"2017-03-16T12:13:17+00:00\" \/>\n<meta property=\"article:modified_time\" content=\"2019-08-07T06:59:59+00:00\" \/>\n<meta property=\"og:image\" content=\"https:\/\/www.sinkacom.de\/blog\/wp-content\/uploads\/2019\/06\/Newsteaser_BitkommWettbewerb.jpg\" \/>\n\t<meta property=\"og:image:width\" content=\"800\" \/>\n\t<meta property=\"og:image:height\" content=\"455\" \/>\n\t<meta property=\"og:image:type\" content=\"image\/jpeg\" \/>\n<meta name=\"author\" content=\"tamara.arnold\" \/>\n<meta name=\"twitter:label1\" content=\"Verfasst von\" \/>\n\t<meta name=\"twitter:data1\" content=\"tamara.arnold\" \/>\n\t<meta name=\"twitter:label2\" content=\"Gesch\u00e4tzte Lesezeit\" \/>\n\t<meta name=\"twitter:data2\" content=\"1\u00a0Minute\" \/>\n<script type=\"application\/ld+json\" class=\"yoast-schema-graph\">{\"@context\":\"https:\/\/schema.org\",\"@graph\":[{\"@type\":\"Article\",\"@id\":\"https:\/\/www.sinkacom.de\/blog\/wettbewerb-digitale-stadt-startet\/#article\",\"isPartOf\":{\"@id\":\"https:\/\/www.sinkacom.de\/blog\/wettbewerb-digitale-stadt-startet\/\"},\"author\":{\"name\":\"tamara.arnold\",\"@id\":\"https:\/\/www.sinkacom.de\/blog\/#\/schema\/person\/49ab1ce3f83cf5ec14bc11245c68e793\"},\"headline\":\"Wettbewerb &#8222;digitale Stadt&#8220; startet\",\"datePublished\":\"2017-03-16T12:13:17+00:00\",\"dateModified\":\"2019-08-07T06:59:59+00:00\",\"mainEntityOfPage\":{\"@id\":\"https:\/\/www.sinkacom.de\/blog\/wettbewerb-digitale-stadt-startet\/\"},\"wordCount\":256,\"commentCount\":0,\"publisher\":{\"@id\":\"https:\/\/www.sinkacom.de\/blog\/#organization\"},\"image\":{\"@id\":\"https:\/\/www.sinkacom.de\/blog\/wettbewerb-digitale-stadt-startet\/#primaryimage\"},\"thumbnailUrl\":\"https:\/\/www.sinkacom.de\/blog\/wp-content\/uploads\/2019\/06\/Newsteaser_BitkommWettbewerb.jpg\",\"keywords\":[\"Digitale Stadt\",\"Innenstadt30\"],\"articleSection\":[\"Innenstadt\"],\"inLanguage\":\"de\",\"potentialAction\":[{\"@type\":\"CommentAction\",\"name\":\"Comment\",\"target\":[\"https:\/\/www.sinkacom.de\/blog\/wettbewerb-digitale-stadt-startet\/#respond\"]}]},{\"@type\":\"WebPage\",\"@id\":\"https:\/\/www.sinkacom.de\/blog\/wettbewerb-digitale-stadt-startet\/\",\"url\":\"https:\/\/www.sinkacom.de\/blog\/wettbewerb-digitale-stadt-startet\/\",\"name\":\"SinkaCom Blog - Wettbewerb \\\"digitale Stadt\\\" startet\",\"isPartOf\":{\"@id\":\"https:\/\/www.sinkacom.de\/blog\/#website\"},\"primaryImageOfPage\":{\"@id\":\"https:\/\/www.sinkacom.de\/blog\/wettbewerb-digitale-stadt-startet\/#primaryimage\"},\"image\":{\"@id\":\"https:\/\/www.sinkacom.de\/blog\/wettbewerb-digitale-stadt-startet\/#primaryimage\"},\"thumbnailUrl\":\"https:\/\/www.sinkacom.de\/blog\/wp-content\/uploads\/2019\/06\/Newsteaser_BitkommWettbewerb.jpg\",\"datePublished\":\"2017-03-16T12:13:17+00:00\",\"dateModified\":\"2019-08-07T06:59:59+00:00\",\"description\":\"Der Bitkom und seine Mitglieder m\u00f6chten die Digitale Stadt Europas aufbauen, weg von Einzell\u00f6sungen, hin zu einem umfassenden und integrierten\",\"breadcrumb\":{\"@id\":\"https:\/\/www.sinkacom.de\/blog\/wettbewerb-digitale-stadt-startet\/#breadcrumb\"},\"inLanguage\":\"de\",\"potentialAction\":[{\"@type\":\"ReadAction\",\"target\":[\"https:\/\/www.sinkacom.de\/blog\/wettbewerb-digitale-stadt-startet\/\"]}]},{\"@type\":\"ImageObject\",\"inLanguage\":\"de\",\"@id\":\"https:\/\/www.sinkacom.de\/blog\/wettbewerb-digitale-stadt-startet\/#primaryimage\",\"url\":\"https:\/\/www.sinkacom.de\/blog\/wp-content\/uploads\/2019\/06\/Newsteaser_BitkommWettbewerb.jpg\",\"contentUrl\":\"https:\/\/www.sinkacom.de\/blog\/wp-content\/uploads\/2019\/06\/Newsteaser_BitkommWettbewerb.jpg\",\"width\":800,\"height\":455},{\"@type\":\"BreadcrumbList\",\"@id\":\"https:\/\/www.sinkacom.de\/blog\/wettbewerb-digitale-stadt-startet\/#breadcrumb\",\"itemListElement\":[{\"@type\":\"ListItem\",\"position\":1,\"name\":\"Home\",\"item\":\"https:\/\/www.sinkacom.de\/blog\/\"},{\"@type\":\"ListItem\",\"position\":2,\"name\":\"Wettbewerb &#8222;digitale Stadt&#8220; startet\"}]},{\"@type\":\"WebSite\",\"@id\":\"https:\/\/www.sinkacom.de\/blog\/#website\",\"url\":\"https:\/\/www.sinkacom.de\/blog\/\",\"name\":\"SinkaCom Blog\",\"description\":\"\",\"publisher\":{\"@id\":\"https:\/\/www.sinkacom.de\/blog\/#organization\"},\"potentialAction\":[{\"@type\":\"SearchAction\",\"target\":{\"@type\":\"EntryPoint\",\"urlTemplate\":\"https:\/\/www.sinkacom.de\/blog\/?s={search_term_string}\"},\"query-input\":{\"@type\":\"PropertyValueSpecification\",\"valueRequired\":true,\"valueName\":\"search_term_string\"}}],\"inLanguage\":\"de\"},{\"@type\":\"Organization\",\"@id\":\"https:\/\/www.sinkacom.de\/blog\/#organization\",\"name\":\"SinkaCom AG\",\"url\":\"https:\/\/www.sinkacom.de\/blog\/\",\"logo\":{\"@type\":\"ImageObject\",\"inLanguage\":\"de\",\"@id\":\"https:\/\/www.sinkacom.de\/blog\/#\/schema\/logo\/image\/\",\"url\":\"\",\"contentUrl\":\"\",\"caption\":\"SinkaCom AG\"},\"image\":{\"@id\":\"https:\/\/www.sinkacom.de\/blog\/#\/schema\/logo\/image\/\"}},{\"@type\":\"Person\",\"@id\":\"https:\/\/www.sinkacom.de\/blog\/#\/schema\/person\/49ab1ce3f83cf5ec14bc11245c68e793\",\"name\":\"tamara.arnold\",\"url\":\"https:\/\/www.sinkacom.de\/blog\/author\/tamara-arnold\/\"}]}<\/script>\n<!-- \/ Yoast SEO plugin. -->","yoast_head_json":{"title":"SinkaCom Blog - Wettbewerb \"digitale Stadt\" startet","description":"Der Bitkom und seine Mitglieder m\u00f6chten die Digitale Stadt Europas aufbauen, weg von Einzell\u00f6sungen, hin zu einem umfassenden und integrierten","robots":{"index":"index","follow":"follow","max-snippet":"max-snippet:-1","max-image-preview":"max-image-preview:large","max-video-preview":"max-video-preview:-1"},"canonical":"https:\/\/www.sinkacom.de\/blog\/wettbewerb-digitale-stadt-startet\/","og_locale":"de_DE","og_type":"article","og_title":"SinkaCom Blog - Wettbewerb \"digitale Stadt\" startet","og_description":"Der Bitkom und seine Mitglieder m\u00f6chten die Digitale Stadt Europas aufbauen, weg von Einzell\u00f6sungen, hin zu einem umfassenden und integrierten","og_url":"https:\/\/www.sinkacom.de\/blog\/wettbewerb-digitale-stadt-startet\/","og_site_name":"SinkaCom Blog","article_published_time":"2017-03-16T12:13:17+00:00","article_modified_time":"2019-08-07T06:59:59+00:00","og_image":[{"width":800,"height":455,"url":"https:\/\/www.sinkacom.de\/blog\/wp-content\/uploads\/2019\/06\/Newsteaser_BitkommWettbewerb.jpg","type":"image\/jpeg"}],"author":"tamara.arnold","twitter_misc":{"Verfasst von":"tamara.arnold","Gesch\u00e4tzte Lesezeit":"1\u00a0Minute"},"schema":{"@context":"https:\/\/schema.org","@graph":[{"@type":"Article","@id":"https:\/\/www.sinkacom.de\/blog\/wettbewerb-digitale-stadt-startet\/#article","isPartOf":{"@id":"https:\/\/www.sinkacom.de\/blog\/wettbewerb-digitale-stadt-startet\/"},"author":{"name":"tamara.arnold","@id":"https:\/\/www.sinkacom.de\/blog\/#\/schema\/person\/49ab1ce3f83cf5ec14bc11245c68e793"},"headline":"Wettbewerb &#8222;digitale Stadt&#8220; startet","datePublished":"2017-03-16T12:13:17+00:00","dateModified":"2019-08-07T06:59:59+00:00","mainEntityOfPage":{"@id":"https:\/\/www.sinkacom.de\/blog\/wettbewerb-digitale-stadt-startet\/"},"wordCount":256,"commentCount":0,"publisher":{"@id":"https:\/\/www.sinkacom.de\/blog\/#organization"},"image":{"@id":"https:\/\/www.sinkacom.de\/blog\/wettbewerb-digitale-stadt-startet\/#primaryimage"},"thumbnailUrl":"https:\/\/www.sinkacom.de\/blog\/wp-content\/uploads\/2019\/06\/Newsteaser_BitkommWettbewerb.jpg","keywords":["Digitale Stadt","Innenstadt30"],"articleSection":["Innenstadt"],"inLanguage":"de","potentialAction":[{"@type":"CommentAction","name":"Comment","target":["https:\/\/www.sinkacom.de\/blog\/wettbewerb-digitale-stadt-startet\/#respond"]}]},{"@type":"WebPage","@id":"https:\/\/www.sinkacom.de\/blog\/wettbewerb-digitale-stadt-startet\/","url":"https:\/\/www.sinkacom.de\/blog\/wettbewerb-digitale-stadt-startet\/","name":"SinkaCom Blog - Wettbewerb \"digitale Stadt\" startet","isPartOf":{"@id":"https:\/\/www.sinkacom.de\/blog\/#website"},"primaryImageOfPage":{"@id":"https:\/\/www.sinkacom.de\/blog\/wettbewerb-digitale-stadt-startet\/#primaryimage"},"image":{"@id":"https:\/\/www.sinkacom.de\/blog\/wettbewerb-digitale-stadt-startet\/#primaryimage"},"thumbnailUrl":"https:\/\/www.sinkacom.de\/blog\/wp-content\/uploads\/2019\/06\/Newsteaser_BitkommWettbewerb.jpg","datePublished":"2017-03-16T12:13:17+00:00","dateModified":"2019-08-07T06:59:59+00:00","description":"Der Bitkom und seine Mitglieder m\u00f6chten die Digitale Stadt Europas aufbauen, weg von Einzell\u00f6sungen, hin zu einem umfassenden und integrierten","breadcrumb":{"@id":"https:\/\/www.sinkacom.de\/blog\/wettbewerb-digitale-stadt-startet\/#breadcrumb"},"inLanguage":"de","potentialAction":[{"@type":"ReadAction","target":["https:\/\/www.sinkacom.de\/blog\/wettbewerb-digitale-stadt-startet\/"]}]},{"@type":"ImageObject","inLanguage":"de","@id":"https:\/\/www.sinkacom.de\/blog\/wettbewerb-digitale-stadt-startet\/#primaryimage","url":"https:\/\/www.sinkacom.de\/blog\/wp-content\/uploads\/2019\/06\/Newsteaser_BitkommWettbewerb.jpg","contentUrl":"https:\/\/www.sinkacom.de\/blog\/wp-content\/uploads\/2019\/06\/Newsteaser_BitkommWettbewerb.jpg","width":800,"height":455},{"@type":"BreadcrumbList","@id":"https:\/\/www.sinkacom.de\/blog\/wettbewerb-digitale-stadt-startet\/#breadcrumb","itemListElement":[{"@type":"ListItem","position":1,"name":"Home","item":"https:\/\/www.sinkacom.de\/blog\/"},{"@type":"ListItem","position":2,"name":"Wettbewerb &#8222;digitale Stadt&#8220; startet"}]},{"@type":"WebSite","@id":"https:\/\/www.sinkacom.de\/blog\/#website","url":"https:\/\/www.sinkacom.de\/blog\/","name":"SinkaCom Blog","description":"","publisher":{"@id":"https:\/\/www.sinkacom.de\/blog\/#organization"},"potentialAction":[{"@type":"SearchAction","target":{"@type":"EntryPoint","urlTemplate":"https:\/\/www.sinkacom.de\/blog\/?s={search_term_string}"},"query-input":{"@type":"PropertyValueSpecification","valueRequired":true,"valueName":"search_term_string"}}],"inLanguage":"de"},{"@type":"Organization","@id":"https:\/\/www.sinkacom.de\/blog\/#organization","name":"SinkaCom AG","url":"https:\/\/www.sinkacom.de\/blog\/","logo":{"@type":"ImageObject","inLanguage":"de","@id":"https:\/\/www.sinkacom.de\/blog\/#\/schema\/logo\/image\/","url":"","contentUrl":"","caption":"SinkaCom AG"},"image":{"@id":"https:\/\/www.sinkacom.de\/blog\/#\/schema\/logo\/image\/"}},{"@type":"Person","@id":"https:\/\/www.sinkacom.de\/blog\/#\/schema\/person\/49ab1ce3f83cf5ec14bc11245c68e793","name":"tamara.arnold","url":"https:\/\/www.sinkacom.de\/blog\/author\/tamara-arnold\/"}]}},"_links":{"self":[{"href":"https:\/\/www.sinkacom.de\/blog\/wp-json\/wp\/v2\/posts\/578","targetHints":{"allow":["GET"]}}],"collection":[{"href":"https:\/\/www.sinkacom.de\/blog\/wp-json\/wp\/v2\/posts"}],"about":[{"href":"https:\/\/www.sinkacom.de\/blog\/wp-json\/wp\/v2\/types\/post"}],"author":[{"embeddable":true,"href":"https:\/\/www.sinkacom.de\/blog\/wp-json\/wp\/v2\/users\/6"}],"replies":[{"embeddable":true,"href":"https:\/\/www.sinkacom.de\/blog\/wp-json\/wp\/v2\/comments?post=578"}],"version-history":[{"count":0,"href":"https:\/\/www.sinkacom.de\/blog\/wp-json\/wp\/v2\/posts\/578\/revisions"}],"wp:featuredmedia":[{"embeddable":true,"href":"https:\/\/www.sinkacom.de\/blog\/wp-json\/wp\/v2\/media\/580"}],"wp:attachment":[{"href":"https:\/\/www.sinkacom.de\/blog\/wp-json\/wp\/v2\/media?parent=578"}],"wp:term":[{"taxonomy":"category","embeddable":true,"href":"https:\/\/www.sinkacom.de\/blog\/wp-json\/wp\/v2\/categories?post=578"},{"taxonomy":"post_tag","embeddable":true,"href":"https:\/\/www.sinkacom.de\/blog\/wp-json\/wp\/v2\/tags?post=578"}],"curies":[{"name":"wp","href":"https:\/\/api.w.org\/{rel}","templated":true}]}}