{"id":3871,"date":"2021-01-15T11:03:43","date_gmt":"2021-01-15T10:03:43","guid":{"rendered":"https:\/\/www.sinkacom.de\/blog\/?p=3871"},"modified":"2021-04-11T17:05:28","modified_gmt":"2021-04-11T15:05:28","slug":"das-verpackungsgesetzt-verpackungen-nachhaltiger-machen","status":"publish","type":"post","link":"https:\/\/www.sinkacom.de\/blog\/das-verpackungsgesetzt-verpackungen-nachhaltiger-machen\/","title":{"rendered":"Das Verpackungsgesetzt \u2013 Verpackungen nachhaltiger machen"},"content":{"rendered":"<div class=\"wpb-content-wrapper\"><p>[vc_row][vc_column]<div id=\"ultimate-heading-16469f55bcd2d593\" class=\"uvc-heading ult-adjust-bottom-margin ultimate-heading-16469f55bcd2d593 uvc-1169  uvc-heading-default-font-sizes\" data-hspacer=\"no_spacer\"  data-halign=\"left\" style=\"text-align:left\"><div class=\"uvc-heading-spacer no_spacer\" style=\"top\"><\/div><div class=\"uvc-main-heading ult-responsive\"  data-ultimate-target='.uvc-heading.ultimate-heading-16469f55bcd2d593 h1'  data-responsive-json-new='{\"font-size\":\"\",\"line-height\":\"\"}' ><h1 style=\"--font-weight:theme;margin-bottom:30px;\">Das Verpackungsgesetzt \u2013 Verpackungen nachhaltiger machen<\/h1><\/div><\/div>[\/vc_column][vc_column][vc_column_text]<\/p>\n<h2>Verpackungsrichtlinien im Wandel<\/h2>\n<p>Verpackungen sorgen jedes Jahr erneut f\u00fcr Massen an Abfall. Durch den vermehrten Onlineversand und -r\u00fcckversand steigt die Menge an verwendeten Verpackungsmateriealien noch weiter an. Der wachsende Verbrauch stellt hinsichtlich beteiligter Ressourcen und in diesem Sinne in Bezug auf das Thema Nachhaltigkeit ein gro\u00dfes Problem dar. In diesem Zuge wurde dem Recycling im Laufe der Jahre immer gr\u00f6\u00dfere Bedeutung zugesprochen. Schon Anfang der 90er wurde auf Basis der wachsenden Relevanz die Verpackungsverordnung (VerpackV).<\/p>\n<p>Nachfolgend wurde dann 1993 in Bezug auf Verpackungsm\u00fcll das Prinzip der Produktverantwortung eingef\u00fchrt. Hier gilt: Wer Verpackungen bef\u00fcllt beziehungsweise bereits bef\u00fcllte Verpackungen nach Deutschland importiert, ist dementsprechend auch f\u00fcr die Entsorgung verantwortlich. Umgesetzt wird es haupts\u00e4chlich durch die Finanzierung der \u201eDualen Systeme\u201c. Diese sind f\u00fcr die Entsorgung, als auch das Recycling des Verpackungsm\u00fclls verantwortlich. In diesem Kontext ist der \u201eGr\u00fcner Punkt\u201c als erstes Duales System bekannt.<\/p>\n<p>Aufgrund der wachsenden Relevanz wurde im Januar 2019 das Verpackungsgesetz (VerpackG) eingef\u00fchrt, was die VerpackV in diesem Zuge abl\u00f6ste. Viele Faktoren der alten Richtlinien sind gleichgeblieben, allerdings wurden zus\u00e4tzlich auch erg\u00e4nzende Aufgaben mit aufgenommen und die Rechtslage den aktuellen \u00f6kologischen und \u00f6konomischen Bed\u00fcrfnissen angepasst. Auch die Verpackungsarten wurden entsprechend neu definiert.[\/vc_column_text][\/vc_column][\/vc_row][vc_row][vc_column width=&#8220;1\/2&#8243;][vc_single_image image=&#8220;3877&#8243; img_size=&#8220;full&#8220;][\/vc_column][vc_column width=&#8220;1\/2&#8243;][vc_column_text]<\/p>\n<h2>Der Verpackungsbegriff \u2013 Es gibt mehr als nur eine Verpackung<\/h2>\n<p>Nach dem VerpackG wird eine Verpackung rechtlich als solche bezeichnet, sofern folgende Kriterien erf\u00fcllt werden:<\/p>\n<ul>\n<li>Die Materialart ist nicht entscheidend<\/li>\n<li>Die Verpackung dient Aufnahme, Schutz, Handhabung, Lieferung oder Darbietung von Waren<\/li>\n<li>Die Verpackung enth\u00e4lt Ware<\/li>\n<li>Sie wird an Vertreiber oder Endverbraucher weitergegeben<\/li>\n<\/ul>\n<ol>\n<li style=\"list-style-type: none;\"><\/li>\n<\/ol>\n<p>[\/vc_column_text][\/vc_column][\/vc_row][vc_row][vc_column][vc_column_text]Zus\u00e4tzlich wird nach dem Gesetz sind Verpackungen in verschiedene Kategorien zu klatern, die jeweils unterschiedliche Pflichten haben. Grunds\u00e4tzlich kann man hierbei von den drei folgenden Verpackungsarten sprechen:<\/p>\n<ol>\n<li style=\"list-style-type: none;\">\n<ol>\n<li>Verkaufsverpackung (Versandverpackung &amp; Serviceverpackung)<\/li>\n<li>Umverpackung<\/li>\n<li>Transportverpackung<\/li>\n<\/ol>\n<\/li>\n<\/ol>\n<p>&nbsp;<\/p>\n<h2>Die Systembeteiligungspflicht \u2013 \u201eProduktverantwortliche\u201c m\u00fcssen bez\u00fcglich Verpackungen handeln<\/h2>\n<p>Die Systembeteiligungspflicht sorgt daf\u00fcr, dass der sogenannte \u201esystembeteiligungspflichtiger\u201c Verpackungsm\u00fcll mittels Dualen Systemen allerorts eingesammelt und entsorgt beziehungsweise bestenfalls recycelt wird. Die Kosten tragen die Hersteller und Vertreiber von Verpackungen, die als \u201eProduktverantwortliche\u201c f\u00fcr diese verantwortlich sind.<\/p>\n<p>Aber wann ist eine Verpackung \u00fcberhaupt systembeteiligungspflichtig? Dies ist der Fall, wenn es sich um eine mit Ware bef\u00fcllte Verkaufs- oder auch Umverpackungen handelt, die nach ihrem Gebrauch typischerweise als M\u00fcll bei einem privaten Endverbraucher ohne weitere Verwendung liegen bleibt. Um sich der Beteiligung an einem Dualen System zu entziehen, k\u00f6nnen Produzenten im Rahmen des VerpackG auch die Branchenl\u00f6sung in Anspruch nehmen. Dies ist m\u00f6glich, sofern sie die gleichgestellten Anfallstellen beliefern. Allerdings gehen mit der Einf\u00fchrung einer Branchenl\u00f6sung auch mehrere Anforderungen und Pflichten einher, die normalerweise von dem Dualen System \u00fcbernommen werden. Bei der Lieferung an private Endverbraucher (private Haushalte) kann die Branchenl\u00f6sung als Alternative zu dem Dualen System nicht angewandt werden.<\/p>\n<p>&nbsp;<\/p>\n<h2>Duale Systeme f\u00fcr Verpackungen<\/h2>\n<p>Der gr\u00fcne Punkt war das erste Duale System in Deutschland. Mittlerweile gibt es acht verschiedene Anbieter, die in diesem Bereich zugelassen sind und die Sammlung, Entsorgung, als auch das Recycling der systembeteiligungspflichtigen Verpackungen \u00fcbernehmen.<\/p>\n<h5><\/h5>\n<h5><strong>\u00dcberblic<\/strong><strong>k \u00fcber die Dualen Systeme:<\/strong><\/h5>\n<ol>\n<li>BellandVision GmbH<\/li>\n<li>Der Gr\u00fcne Punkt \u2013 Duales System Deutschland GmbH<\/li>\n<li>INTERSEROH Dienstleistungs GmbH<\/li>\n<li>Landbell AG f\u00fcr R\u00fcckhol-Systeme<\/li>\n<li>Noventiz Dual GmbH<\/li>\n<li>Reclay Systems GmbH<\/li>\n<li>Veolia Umweltservice Dual GmbH<\/li>\n<li>Zentek GmbH &amp; Co. KG<\/li>\n<\/ol>\n<p>Eine Reihe von Dualen Systemen stellt ein spezielles Online-Angebote f\u00fcr Online-H\u00e4ndler bereit, das speziell auf deren Bed\u00fcrfnisse angepasst ist. Die auf die Produzenten beziehungsweise H\u00e4ndler zukommenden Kosten bez\u00fcglich der Entsorgung durch das Duale System sind auf Basis mehrerer Aspekte zu bewerten. Auf der einen Seite kommt es auf den Anbieter selber, als auch die Nenngr\u00f6\u00dfen an, die im Zuge der Kostenermittlung ber\u00fccksichtigt wird. Auf der anderen Seite werden recyclingfreundlichere Verpackungen bei der Lizenzierung gef\u00f6rdert. Durch letzteres werden finanzielle Anreize geschaffen auf die Nachhaltigkeit der Verpackungen zu achten. Seit Anfang 2019 ist jeder, der sich an einem Dualen System beteiligen muss, zur Registrierung bei der Zentralen Stelle verpflichtet, was wiederum mit der Eintragung in das Verpackungsregister LUCID verbunden ist. F\u00fcr systembeteiligungspflichtige Verpackungen ohne Registrierung gilt ein Vertriebsverbot, sodass diese gar nicht erst in den Umlauf gebracht werden d\u00fcrfen. Eine fehlende Registrierung hat weitreichende Konsequenzen zur Folge.<\/p>\n<h5><\/h5>\n<h5><strong>Konsequenzen bei Nichteinhaltung des VerpackG:<\/strong><\/h5>\n<ol>\n<li>Vertriebsverbot<\/li>\n<li>Bu\u00dfgeld<\/li>\n<li>Wettbewerbsrechtliche Abmahnungen<\/li>\n<\/ol>\n<p>F\u00fcr den Umfang in den Verkehr zu bringenden Verpackungen gibt es eine Bagatellgrenze. Sobald dieser Wert \u00fcberschritten ist, sind H\u00e4ndler bzw. Hersteller systembeteiligungspflichtiger Verpackungen dazu verpflichtet, j\u00e4hrlich bis zum 15. Mai des Folgejahres der Zentralen Stelle eine Vollst\u00e4ndigkeitserkl\u00e4rung gem\u00e4\u00df \u00a7 11 VerpackG bereitzustellen. Darin muss die Ist-Mengen der im zu vorigen Kalenderjahr in Umlauf gebrachten systembeteiligungspflichtigen Verpackungen angegeben werden. F\u00fcr viele Online-H\u00e4ndler ist eine Vollst\u00e4ndigkeitserkl\u00e4rung aufgrund der H\u00f6he der Bagatellgrenzen nicht notwendig. Erstinverkehrbringer systembeteiligungspflichtiger Verpackungen haben zus\u00e4tzlich zu der Beteiligung an einem Dualen System die Pflicht, bestimmte Verpackungen wieder zur\u00fcckzunehmen. Die R\u00fccknahme muss hierbei \u00dcbergabeort beziehungsweise in deren unmittelbarer N\u00e4he gew\u00e4hrleistet unentgeltlich gew\u00e4hrleistet sein. Bei wiederkehrender Belieferung, kann eine R\u00fccknahme auch bei der Zustellung einer kommenden Lieferungen erfolgen. Die Abholung muss hierbei nicht durch den Pflichtigen pers\u00f6nlich erfolgen. Dualen Systeme k\u00f6nnen auch in diesem Bereich herangezogen werden.[\/vc_column_text][\/vc_column][\/vc_row][vc_row][vc_column][vc_single_image image=&#8220;3886&#8243; img_size=&#8220;full&#8220;][\/vc_column][\/vc_row][vc_row][vc_column][vc_column_text]<\/p>\n<h2>Zielsetzung des VerpackG \u2013 Nachhaltigkeit f\u00f6rdern<\/h2>\n<p>Die wiederholte Verwendung gebrauchter Verpackungen hat einen positiven Einfluss auf die Umwelt. \u00a0Da dadurch die Produktion neuer Verpackungen reduziert werden kann und weniger Abfall entsteht. Zur gleichen Zeit werden dadurch auch die finanziellen Ressourcen geschont.<\/p>\n<p>Es gilt aber weiterhin, dass grunds\u00e4tzlich jede systembeteiligungspflichtige Verpackung an einem Dualen System beteiligt worden sein muss. Online-H\u00e4ndler m\u00fcssen gebrauchte Versandverpackungen nicht lizenzieren, wenn rechtssicher nachgewiesen werden kann, dass die genutzte Verpackung bereits von einem Anderen lizenziert worden und zum Zeitpunkt der wiederholten Nutzung noch durch ein Duales System erfasst ist.[\/vc_column_text][\/vc_column][\/vc_row][vc_row][vc_column][vc_column_text]<\/p>\n<h5>Referenzen: <a href=\"https:\/\/www.haendlerbund.de\/de\/leistungen\/rechtssicherheit\/verpackungsgesetz\" target=\"_blank\" rel=\"noopener noreferrer\">Verpackungsgesetz Rechtssicher Handeln mit dem H\u00e4ndlerbund<\/a> (H\u00e4ndlerbund)<\/h5>\n<p>[\/vc_column_text][\/vc_column][\/vc_row]<\/p>\n<\/div>","protected":false},"excerpt":{"rendered":"<p>[vc_row][vc_column][\/vc_column][vc_column][vc_column_text] Verpackungsrichtlinien im Wandel Verpackungen sorgen jedes Jahr erneut f\u00fcr Massen an Abfall. Durch den vermehrten Onlineversand und -r\u00fcckversand steigt die Menge an verwendeten Verpackungsmateriealien noch weiter an. Der wachsende Verbrauch stellt hinsichtlich beteiligter Ressourcen und in diesem Sinne in Bezug auf das Thema Nachhaltigkeit ein gro\u00dfes Problem dar. In diesem Zuge wurde dem Recycling&hellip;<\/p>\n","protected":false},"author":10,"featured_media":3874,"comment_status":"open","ping_status":"open","sticky":false,"template":"","format":"standard","meta":{"footnotes":""},"categories":[13],"tags":[137,139,138,136],"class_list":["post-3871","post","type-post","status-publish","format-standard","has-post-thumbnail","hentry","category-retail","tag-nachhaltigkeit","tag-recycling","tag-systembeteiligungspflicht","tag-verpackungsgesetz","category-13","description-off"],"yoast_head":"<!-- This site is optimized with the Yoast SEO plugin v25.7 - https:\/\/yoast.com\/wordpress\/plugins\/seo\/ -->\n<title>SinkaCom Blog - Verpackungen nachhaltiger machen<\/title>\n<meta name=\"description\" content=\"Verpackungsrichtlinien im Wandel Verpackungen sorgen jedes Jahr erneut f\u00fcr Massen an Abfall. Durch den vermehrten Onlineversand und -r\u00fcckversand steigt Das Verpackungsgesetzt \u2013 Verpackungen nachhaltiger machen\" \/>\n<meta name=\"robots\" content=\"index, follow, max-snippet:-1, max-image-preview:large, max-video-preview:-1\" \/>\n<link rel=\"canonical\" href=\"https:\/\/www.sinkacom.de\/blog\/das-verpackungsgesetzt-verpackungen-nachhaltiger-machen\/\" \/>\n<meta property=\"og:locale\" content=\"de_DE\" \/>\n<meta property=\"og:type\" content=\"article\" \/>\n<meta property=\"og:title\" content=\"SinkaCom Blog - Verpackungen nachhaltiger machen\" \/>\n<meta property=\"og:description\" content=\"Verpackungsrichtlinien im Wandel Verpackungen sorgen jedes Jahr erneut f\u00fcr Massen an Abfall. Durch den vermehrten Onlineversand und -r\u00fcckversand steigt Das Verpackungsgesetzt \u2013 Verpackungen nachhaltiger machen\" \/>\n<meta property=\"og:url\" content=\"https:\/\/www.sinkacom.de\/blog\/das-verpackungsgesetzt-verpackungen-nachhaltiger-machen\/\" \/>\n<meta property=\"og:site_name\" content=\"SinkaCom Blog\" \/>\n<meta property=\"article:published_time\" content=\"2021-01-15T10:03:43+00:00\" \/>\n<meta property=\"article:modified_time\" content=\"2021-04-11T15:05:28+00:00\" \/>\n<meta property=\"og:image\" content=\"https:\/\/www.sinkacom.de\/blog\/wp-content\/uploads\/2021\/01\/Verpackungen.jpeg\" \/>\n\t<meta property=\"og:image:width\" content=\"2250\" \/>\n\t<meta property=\"og:image:height\" content=\"1500\" \/>\n\t<meta property=\"og:image:type\" content=\"image\/jpeg\" \/>\n<meta name=\"author\" content=\"Julia Wiesbach\" \/>\n<meta name=\"twitter:label1\" content=\"Verfasst von\" \/>\n\t<meta name=\"twitter:data1\" content=\"Julia Wiesbach\" \/>\n\t<meta name=\"twitter:label2\" content=\"Gesch\u00e4tzte Lesezeit\" \/>\n\t<meta name=\"twitter:data2\" content=\"5\u00a0Minuten\" \/>\n<script type=\"application\/ld+json\" class=\"yoast-schema-graph\">{\"@context\":\"https:\/\/schema.org\",\"@graph\":[{\"@type\":\"Article\",\"@id\":\"https:\/\/www.sinkacom.de\/blog\/das-verpackungsgesetzt-verpackungen-nachhaltiger-machen\/#article\",\"isPartOf\":{\"@id\":\"https:\/\/www.sinkacom.de\/blog\/das-verpackungsgesetzt-verpackungen-nachhaltiger-machen\/\"},\"author\":{\"name\":\"Julia Wiesbach\",\"@id\":\"https:\/\/www.sinkacom.de\/blog\/#\/schema\/person\/0cc2e55d4188534ce36f8cacc6764e9a\"},\"headline\":\"Das Verpackungsgesetzt \u2013 Verpackungen nachhaltiger machen\",\"datePublished\":\"2021-01-15T10:03:43+00:00\",\"dateModified\":\"2021-04-11T15:05:28+00:00\",\"mainEntityOfPage\":{\"@id\":\"https:\/\/www.sinkacom.de\/blog\/das-verpackungsgesetzt-verpackungen-nachhaltiger-machen\/\"},\"wordCount\":1092,\"commentCount\":0,\"publisher\":{\"@id\":\"https:\/\/www.sinkacom.de\/blog\/#organization\"},\"image\":{\"@id\":\"https:\/\/www.sinkacom.de\/blog\/das-verpackungsgesetzt-verpackungen-nachhaltiger-machen\/#primaryimage\"},\"thumbnailUrl\":\"https:\/\/www.sinkacom.de\/blog\/wp-content\/uploads\/2021\/01\/Verpackungen.jpeg\",\"keywords\":[\"Nachhaltigkeit\",\"Recycling\",\"Systembeteiligungspflicht\",\"Verpackungsgesetz\"],\"articleSection\":[\"Retail\"],\"inLanguage\":\"de\",\"potentialAction\":[{\"@type\":\"CommentAction\",\"name\":\"Comment\",\"target\":[\"https:\/\/www.sinkacom.de\/blog\/das-verpackungsgesetzt-verpackungen-nachhaltiger-machen\/#respond\"]}]},{\"@type\":\"WebPage\",\"@id\":\"https:\/\/www.sinkacom.de\/blog\/das-verpackungsgesetzt-verpackungen-nachhaltiger-machen\/\",\"url\":\"https:\/\/www.sinkacom.de\/blog\/das-verpackungsgesetzt-verpackungen-nachhaltiger-machen\/\",\"name\":\"SinkaCom Blog - Verpackungen nachhaltiger machen\",\"isPartOf\":{\"@id\":\"https:\/\/www.sinkacom.de\/blog\/#website\"},\"primaryImageOfPage\":{\"@id\":\"https:\/\/www.sinkacom.de\/blog\/das-verpackungsgesetzt-verpackungen-nachhaltiger-machen\/#primaryimage\"},\"image\":{\"@id\":\"https:\/\/www.sinkacom.de\/blog\/das-verpackungsgesetzt-verpackungen-nachhaltiger-machen\/#primaryimage\"},\"thumbnailUrl\":\"https:\/\/www.sinkacom.de\/blog\/wp-content\/uploads\/2021\/01\/Verpackungen.jpeg\",\"datePublished\":\"2021-01-15T10:03:43+00:00\",\"dateModified\":\"2021-04-11T15:05:28+00:00\",\"description\":\"Verpackungsrichtlinien im Wandel Verpackungen sorgen jedes Jahr erneut f\u00fcr Massen an Abfall. Durch den vermehrten Onlineversand und -r\u00fcckversand steigt Das Verpackungsgesetzt \u2013 Verpackungen nachhaltiger machen\",\"breadcrumb\":{\"@id\":\"https:\/\/www.sinkacom.de\/blog\/das-verpackungsgesetzt-verpackungen-nachhaltiger-machen\/#breadcrumb\"},\"inLanguage\":\"de\",\"potentialAction\":[{\"@type\":\"ReadAction\",\"target\":[\"https:\/\/www.sinkacom.de\/blog\/das-verpackungsgesetzt-verpackungen-nachhaltiger-machen\/\"]}]},{\"@type\":\"ImageObject\",\"inLanguage\":\"de\",\"@id\":\"https:\/\/www.sinkacom.de\/blog\/das-verpackungsgesetzt-verpackungen-nachhaltiger-machen\/#primaryimage\",\"url\":\"https:\/\/www.sinkacom.de\/blog\/wp-content\/uploads\/2021\/01\/Verpackungen.jpeg\",\"contentUrl\":\"https:\/\/www.sinkacom.de\/blog\/wp-content\/uploads\/2021\/01\/Verpackungen.jpeg\",\"width\":2250,\"height\":1500,\"caption\":\"Das Verpackungsgesetzt \u2013 Verpackungen nachhaltiger machen\"},{\"@type\":\"BreadcrumbList\",\"@id\":\"https:\/\/www.sinkacom.de\/blog\/das-verpackungsgesetzt-verpackungen-nachhaltiger-machen\/#breadcrumb\",\"itemListElement\":[{\"@type\":\"ListItem\",\"position\":1,\"name\":\"Home\",\"item\":\"https:\/\/www.sinkacom.de\/blog\/\"},{\"@type\":\"ListItem\",\"position\":2,\"name\":\"Das Verpackungsgesetzt \u2013 Verpackungen nachhaltiger machen\"}]},{\"@type\":\"WebSite\",\"@id\":\"https:\/\/www.sinkacom.de\/blog\/#website\",\"url\":\"https:\/\/www.sinkacom.de\/blog\/\",\"name\":\"SinkaCom Blog\",\"description\":\"\",\"publisher\":{\"@id\":\"https:\/\/www.sinkacom.de\/blog\/#organization\"},\"potentialAction\":[{\"@type\":\"SearchAction\",\"target\":{\"@type\":\"EntryPoint\",\"urlTemplate\":\"https:\/\/www.sinkacom.de\/blog\/?s={search_term_string}\"},\"query-input\":{\"@type\":\"PropertyValueSpecification\",\"valueRequired\":true,\"valueName\":\"search_term_string\"}}],\"inLanguage\":\"de\"},{\"@type\":\"Organization\",\"@id\":\"https:\/\/www.sinkacom.de\/blog\/#organization\",\"name\":\"SinkaCom AG\",\"url\":\"https:\/\/www.sinkacom.de\/blog\/\",\"logo\":{\"@type\":\"ImageObject\",\"inLanguage\":\"de\",\"@id\":\"https:\/\/www.sinkacom.de\/blog\/#\/schema\/logo\/image\/\",\"url\":\"\",\"contentUrl\":\"\",\"caption\":\"SinkaCom AG\"},\"image\":{\"@id\":\"https:\/\/www.sinkacom.de\/blog\/#\/schema\/logo\/image\/\"}},{\"@type\":\"Person\",\"@id\":\"https:\/\/www.sinkacom.de\/blog\/#\/schema\/person\/0cc2e55d4188534ce36f8cacc6764e9a\",\"name\":\"Julia Wiesbach\",\"url\":\"https:\/\/www.sinkacom.de\/blog\/author\/julia-wiesbach\/\"}]}<\/script>\n<!-- \/ Yoast SEO plugin. -->","yoast_head_json":{"title":"SinkaCom Blog - Verpackungen nachhaltiger machen","description":"Verpackungsrichtlinien im Wandel Verpackungen sorgen jedes Jahr erneut f\u00fcr Massen an Abfall. Durch den vermehrten Onlineversand und -r\u00fcckversand steigt Das Verpackungsgesetzt \u2013 Verpackungen nachhaltiger machen","robots":{"index":"index","follow":"follow","max-snippet":"max-snippet:-1","max-image-preview":"max-image-preview:large","max-video-preview":"max-video-preview:-1"},"canonical":"https:\/\/www.sinkacom.de\/blog\/das-verpackungsgesetzt-verpackungen-nachhaltiger-machen\/","og_locale":"de_DE","og_type":"article","og_title":"SinkaCom Blog - Verpackungen nachhaltiger machen","og_description":"Verpackungsrichtlinien im Wandel Verpackungen sorgen jedes Jahr erneut f\u00fcr Massen an Abfall. Durch den vermehrten Onlineversand und -r\u00fcckversand steigt Das Verpackungsgesetzt \u2013 Verpackungen nachhaltiger machen","og_url":"https:\/\/www.sinkacom.de\/blog\/das-verpackungsgesetzt-verpackungen-nachhaltiger-machen\/","og_site_name":"SinkaCom Blog","article_published_time":"2021-01-15T10:03:43+00:00","article_modified_time":"2021-04-11T15:05:28+00:00","og_image":[{"width":2250,"height":1500,"url":"https:\/\/www.sinkacom.de\/blog\/wp-content\/uploads\/2021\/01\/Verpackungen.jpeg","type":"image\/jpeg"}],"author":"Julia Wiesbach","twitter_misc":{"Verfasst von":"Julia Wiesbach","Gesch\u00e4tzte Lesezeit":"5\u00a0Minuten"},"schema":{"@context":"https:\/\/schema.org","@graph":[{"@type":"Article","@id":"https:\/\/www.sinkacom.de\/blog\/das-verpackungsgesetzt-verpackungen-nachhaltiger-machen\/#article","isPartOf":{"@id":"https:\/\/www.sinkacom.de\/blog\/das-verpackungsgesetzt-verpackungen-nachhaltiger-machen\/"},"author":{"name":"Julia Wiesbach","@id":"https:\/\/www.sinkacom.de\/blog\/#\/schema\/person\/0cc2e55d4188534ce36f8cacc6764e9a"},"headline":"Das Verpackungsgesetzt \u2013 Verpackungen nachhaltiger machen","datePublished":"2021-01-15T10:03:43+00:00","dateModified":"2021-04-11T15:05:28+00:00","mainEntityOfPage":{"@id":"https:\/\/www.sinkacom.de\/blog\/das-verpackungsgesetzt-verpackungen-nachhaltiger-machen\/"},"wordCount":1092,"commentCount":0,"publisher":{"@id":"https:\/\/www.sinkacom.de\/blog\/#organization"},"image":{"@id":"https:\/\/www.sinkacom.de\/blog\/das-verpackungsgesetzt-verpackungen-nachhaltiger-machen\/#primaryimage"},"thumbnailUrl":"https:\/\/www.sinkacom.de\/blog\/wp-content\/uploads\/2021\/01\/Verpackungen.jpeg","keywords":["Nachhaltigkeit","Recycling","Systembeteiligungspflicht","Verpackungsgesetz"],"articleSection":["Retail"],"inLanguage":"de","potentialAction":[{"@type":"CommentAction","name":"Comment","target":["https:\/\/www.sinkacom.de\/blog\/das-verpackungsgesetzt-verpackungen-nachhaltiger-machen\/#respond"]}]},{"@type":"WebPage","@id":"https:\/\/www.sinkacom.de\/blog\/das-verpackungsgesetzt-verpackungen-nachhaltiger-machen\/","url":"https:\/\/www.sinkacom.de\/blog\/das-verpackungsgesetzt-verpackungen-nachhaltiger-machen\/","name":"SinkaCom Blog - Verpackungen nachhaltiger machen","isPartOf":{"@id":"https:\/\/www.sinkacom.de\/blog\/#website"},"primaryImageOfPage":{"@id":"https:\/\/www.sinkacom.de\/blog\/das-verpackungsgesetzt-verpackungen-nachhaltiger-machen\/#primaryimage"},"image":{"@id":"https:\/\/www.sinkacom.de\/blog\/das-verpackungsgesetzt-verpackungen-nachhaltiger-machen\/#primaryimage"},"thumbnailUrl":"https:\/\/www.sinkacom.de\/blog\/wp-content\/uploads\/2021\/01\/Verpackungen.jpeg","datePublished":"2021-01-15T10:03:43+00:00","dateModified":"2021-04-11T15:05:28+00:00","description":"Verpackungsrichtlinien im Wandel Verpackungen sorgen jedes Jahr erneut f\u00fcr Massen an Abfall. Durch den vermehrten Onlineversand und -r\u00fcckversand steigt Das Verpackungsgesetzt \u2013 Verpackungen nachhaltiger machen","breadcrumb":{"@id":"https:\/\/www.sinkacom.de\/blog\/das-verpackungsgesetzt-verpackungen-nachhaltiger-machen\/#breadcrumb"},"inLanguage":"de","potentialAction":[{"@type":"ReadAction","target":["https:\/\/www.sinkacom.de\/blog\/das-verpackungsgesetzt-verpackungen-nachhaltiger-machen\/"]}]},{"@type":"ImageObject","inLanguage":"de","@id":"https:\/\/www.sinkacom.de\/blog\/das-verpackungsgesetzt-verpackungen-nachhaltiger-machen\/#primaryimage","url":"https:\/\/www.sinkacom.de\/blog\/wp-content\/uploads\/2021\/01\/Verpackungen.jpeg","contentUrl":"https:\/\/www.sinkacom.de\/blog\/wp-content\/uploads\/2021\/01\/Verpackungen.jpeg","width":2250,"height":1500,"caption":"Das Verpackungsgesetzt \u2013 Verpackungen nachhaltiger machen"},{"@type":"BreadcrumbList","@id":"https:\/\/www.sinkacom.de\/blog\/das-verpackungsgesetzt-verpackungen-nachhaltiger-machen\/#breadcrumb","itemListElement":[{"@type":"ListItem","position":1,"name":"Home","item":"https:\/\/www.sinkacom.de\/blog\/"},{"@type":"ListItem","position":2,"name":"Das Verpackungsgesetzt \u2013 Verpackungen nachhaltiger machen"}]},{"@type":"WebSite","@id":"https:\/\/www.sinkacom.de\/blog\/#website","url":"https:\/\/www.sinkacom.de\/blog\/","name":"SinkaCom Blog","description":"","publisher":{"@id":"https:\/\/www.sinkacom.de\/blog\/#organization"},"potentialAction":[{"@type":"SearchAction","target":{"@type":"EntryPoint","urlTemplate":"https:\/\/www.sinkacom.de\/blog\/?s={search_term_string}"},"query-input":{"@type":"PropertyValueSpecification","valueRequired":true,"valueName":"search_term_string"}}],"inLanguage":"de"},{"@type":"Organization","@id":"https:\/\/www.sinkacom.de\/blog\/#organization","name":"SinkaCom AG","url":"https:\/\/www.sinkacom.de\/blog\/","logo":{"@type":"ImageObject","inLanguage":"de","@id":"https:\/\/www.sinkacom.de\/blog\/#\/schema\/logo\/image\/","url":"","contentUrl":"","caption":"SinkaCom AG"},"image":{"@id":"https:\/\/www.sinkacom.de\/blog\/#\/schema\/logo\/image\/"}},{"@type":"Person","@id":"https:\/\/www.sinkacom.de\/blog\/#\/schema\/person\/0cc2e55d4188534ce36f8cacc6764e9a","name":"Julia Wiesbach","url":"https:\/\/www.sinkacom.de\/blog\/author\/julia-wiesbach\/"}]}},"_links":{"self":[{"href":"https:\/\/www.sinkacom.de\/blog\/wp-json\/wp\/v2\/posts\/3871","targetHints":{"allow":["GET"]}}],"collection":[{"href":"https:\/\/www.sinkacom.de\/blog\/wp-json\/wp\/v2\/posts"}],"about":[{"href":"https:\/\/www.sinkacom.de\/blog\/wp-json\/wp\/v2\/types\/post"}],"author":[{"embeddable":true,"href":"https:\/\/www.sinkacom.de\/blog\/wp-json\/wp\/v2\/users\/10"}],"replies":[{"embeddable":true,"href":"https:\/\/www.sinkacom.de\/blog\/wp-json\/wp\/v2\/comments?post=3871"}],"version-history":[{"count":5,"href":"https:\/\/www.sinkacom.de\/blog\/wp-json\/wp\/v2\/posts\/3871\/revisions"}],"predecessor-version":[{"id":3937,"href":"https:\/\/www.sinkacom.de\/blog\/wp-json\/wp\/v2\/posts\/3871\/revisions\/3937"}],"wp:featuredmedia":[{"embeddable":true,"href":"https:\/\/www.sinkacom.de\/blog\/wp-json\/wp\/v2\/media\/3874"}],"wp:attachment":[{"href":"https:\/\/www.sinkacom.de\/blog\/wp-json\/wp\/v2\/media?parent=3871"}],"wp:term":[{"taxonomy":"category","embeddable":true,"href":"https:\/\/www.sinkacom.de\/blog\/wp-json\/wp\/v2\/categories?post=3871"},{"taxonomy":"post_tag","embeddable":true,"href":"https:\/\/www.sinkacom.de\/blog\/wp-json\/wp\/v2\/tags?post=3871"}],"curies":[{"name":"wp","href":"https:\/\/api.w.org\/{rel}","templated":true}]}}