{"id":3513,"date":"2021-06-11T17:03:47","date_gmt":"2021-06-11T15:03:47","guid":{"rendered":"https:\/\/www.sinkacom.de\/blog\/?p=3513"},"modified":"2021-06-12T18:16:03","modified_gmt":"2021-06-12T16:16:03","slug":"covid-19-und-innenstadt-die-zeit-nach-der-krise","status":"publish","type":"post","link":"https:\/\/www.sinkacom.de\/blog\/covid-19-und-innenstadt-die-zeit-nach-der-krise\/","title":{"rendered":"Covid-19 &#038; Innenstadt \u2013 Die Zeit nach der Krise"},"content":{"rendered":"<div class=\"wpb-content-wrapper\"><p>[vc_row][vc_column]<div id=\"ultimate-heading-416969f40dd7cc6bc\" class=\"uvc-heading ult-adjust-bottom-margin ultimate-heading-416969f40dd7cc6bc uvc-106  uvc-heading-default-font-sizes\" data-hspacer=\"no_spacer\"  data-halign=\"left\" style=\"text-align:left\"><div class=\"uvc-heading-spacer no_spacer\" style=\"top\"><\/div><div class=\"uvc-main-heading ult-responsive\"  data-ultimate-target='.uvc-heading.ultimate-heading-416969f40dd7cc6bc h1'  data-responsive-json-new='{\"font-size\":\"\",\"line-height\":\"\"}' ><h1 style=\"--font-weight:theme;margin-bottom:30px;\">Covid-19 &amp; Innenstadt \u2013 Die Zeit nach der Krise<\/h1><\/div><\/div>[\/vc_column][vc_column][vc_column_text]<\/p>\r\n<h2>Die Covid-19 Pandemie &#8211; Schwere Zeiten f\u00fcr die Innenst\u00e4dte<\/h2>\r\n<p>Leere Ladenstra\u00dfen und minimale B\u00fcrobesetzung, die Covid-19 Pandemie hat ihre Spuren hinterlassen. Die Innenstadt, wie wir sie vorher kannten, hat sich ma\u00dfgeblich ver\u00e4ndert. Der nur fl\u00fcchtige Besuch von Gesch\u00e4ften f\u00fchrte zu gro\u00dfen Umsatzeinbu\u00dfen f\u00fcr den lokalen Einzelhandel und die Verlagerung ins Homeoffice f\u00fchrte zu einem kaum besuchten Mittagstisch der Gastronomen. Schwerwiegende Folgen f\u00fcr alle lokalen Akteure.<\/p>\r\n<p>Aber was bedeutet diese Situation f\u00fcr die Innenstadt genau?<\/p>\r\n<p>\u201eWas den Einzelhandel und die B\u00fcrofl\u00e4chen angeht, werden die Innenst\u00e4dte sicher an Bedeutung verlieren. Ob sie damit auch Verlierer sind, ist aber eine andere Frage.\u201c, Thomas Kr\u00fcger gegen\u00fcber der Tagesschau. Die klassischen und bislang h\u00f6chstrelevanten Ladenzeilen im Erdgeschoss werden in ihrer aktuellen Nutzung langfristig nicht mehr zu halten sein, da der Einzelhandel im Normalfall von einer hohen Frequenz lebt. Dies hat sich mit der Ausbreitung der Pandemie bereits ma\u00dfgeblich ge\u00e4ndert, womit insbesondere die Warenh\u00e4user und auch Shoppingcenter vor gro\u00dfen Herausforderungen stehen.<\/p>\r\n<p>&nbsp;<\/p>\r\n<h2>Folgen f\u00fcr den Einzelhandel<\/h2>\r\n<p>W\u00e4hrend der innenst\u00e4dtische Einzelhandel bereits vor der Covid-19 Pandemie zu k\u00e4mpfen hatte, w\u00e4chst der Onlinehandel seit Jahren. Insbesondere w\u00e4hrend der wochenlangen Gesch\u00e4ftsschlie\u00dfungen im Fr\u00fchjahr wuchs der Online-Handel exponentiell weiter. &#8222;Der Onlinehandel hat in dieser Zeit einen Umsatzsprung von 20 Prozent gemacht&#8220;, sagt Michael Reink vom Handelsverband HDE. \u201eViele Kunden, die sich wegen der Pandemie erstmalig f\u00fcr den Einkauf im Internet entschieden haben, sind nach dem Ende des Lockdowns dabei geblieben&#8220;, f\u00fcgte er hinzu. Nicht nur kleine Einzelh\u00e4ndler, sondern auch die gro\u00dfen H\u00e4user haben zu k\u00e4mpfen. Der bereits insolvente Modehersteller Esprit will die H\u00e4lfte seiner 100 Filialen schlie\u00dfen und die erst k\u00fcrzlich fusionierte Warenhauskette Galeria Kaufhof Karstadt wird auch 47 H\u00e4user schlie\u00dfen. &#8222;Wenn 20 Prozent der Gesch\u00e4fte wegfallen, sehen die Innenst\u00e4dte aus wie ein schlechtes Gebiss: \u00dcberall ist ein hohler Zahn dazwischen&#8220;, so Reink.<\/p>\r\n<p>Je unattraktiver die Innenstadt wird, desto attraktiver der Onlinehandel und desto gr\u00f6\u00dfer wiederum die Herausforderung f\u00fcr den verbliebenen station\u00e4ren Handel.\u00a0 Eine Abw\u00e4rtsspirale die kaum aufzuhalten ist.<\/p>\r\n<p><!-- \/wp:post-content -->\u00a0<\/p>\r\n<p>[\/vc_column_text][\/vc_column][\/vc_row][vc_row][vc_column][vc_single_image image=&#8220;3518&#8243; img_size=&#8220;large&#8220;][\/vc_column][\/vc_row][vc_row][vc_column][vc_column_text]<\/p>\r\n<h2>Relevanz der Digitalisierung zu Zeiten von Covid-19<\/h2>\r\n<p>Besonders zu Pandemiezeiten haben die Menschen die Relevanz der Digitalisierung zu sp\u00fcren bekommen. Der Onlinehandel wurde wichtiger denn je und ist aktuell nicht mehr wegzudenken. Sp\u00e4testens jetzt sollte auch den letzten Kritikern des Online-Gesch\u00e4fts die Relevanz eines Onlineauftritts deutlich geworden sein. Wer versucht ohne digitale Unterst\u00fctzung zu bestehen, hat zurzeit kaum eine Aussicht zu \u00dcberleben.<\/p>\r\n<p>Das Erlangen eines derartigen Bewusstseins, eine klare Chance resultierend aus der Pandemie. Der Weg Richtung Webauftritt wurde geebnet. Auch kleiner Retailer haben mittlerweile verstanden, um weiterhin konkurrenzf\u00e4hig zu bleiben, muss ein Schritt Richtung Digitalisierung getan werden. Wie intensiv man dies ausbaut, ist jedem selber \u00fcberlassen. Ob Webseite oder Onlineshop die <a href=\"https:\/\/www.sinkacom.de\/\" target=\"_blank\" rel=\"noopener noreferrer\">SinkaCom AG<\/a> unterst\u00fctzt gerne beim Aufbau Ihres Onlineauftritts.<\/p>\r\n<p>[\/vc_column_text][\/vc_column][\/vc_row][vc_row][vc_column width=&#8220;1\/2&#8243;][vc_single_image image=&#8220;3519&#8243; img_size=&#8220;large&#8220;][\/vc_column][vc_column width=&#8220;1\/2&#8243;][vc_column_text]<\/p>\r\n<h2>Crosschannel-Ansatz als Chance f\u00fcr die Innenst\u00e4dte<\/h2>\r\n<p>Aber auch die Stadt als solche kann sich digital noch interessanter machen. Das Vorhandensein einer aktuellen Website ist eine gute Basis, aber sollte nicht das finale Ziel sein. Der Aufbau eines <a href=\"https:\/\/www.innenstadt30.de\/marktplatz.html\" target=\"_blank\" rel=\"noopener noreferrer\">digitalen Marktplatzes<\/a> ist ein Schritt, den die SinkaCom AG gerne mit ihnen gehen w\u00fcrde, um den gesamten innerst\u00e4dtischen Handel auch digital abzubilden. H\u00e4ndler als auch Gastronomen einer Stadt haben hier die M\u00f6glichkeit ihr Angebot zu hinterlegen, auf die eigene Website oder in den Onlineshop zu verlinken.<\/p>\r\n<p>So wird die Innenstadt auch online zu einem wahren Erlebnis. Der Crosschannel-Ansatz bietet der Innenstadt w\u00e4hrend aber auch nach Covid-19 einen Vorteil. Nicht nur, dass man so Teil des Onlinehandels wird, sondern auch die M\u00f6glichkeit hat Kunden f\u00fcr den station\u00e4ren Handel zur\u00fcckzugewinnen und die Innenstadt so wieder lebendig zu machen. Parallel m\u00fcssen innovative Konzepte entwickelt werden, welche den Besuch der Innenstadt wieder attraktiv werden lassen.<\/p>\r\n<p>[\/vc_column_text][\/vc_column][\/vc_row][vc_row][vc_column][vc_column_text]<\/p>\r\n<p>Digitalisierung, Vielfalt und innovative Konzepte sind elementare Erfolgsfaktoren f\u00fcr die Wiederbelebung der Innenst\u00e4dte. Die Kombination aus spannenden <a href=\"https:\/\/www.sinkacom.de\/blog\/branchenmix-als-zukunftschance-der-innenstaedte\/\" target=\"_blank\" rel=\"noopener noreferrer\">Branchenmix und Mischnutzen-Konzepte<\/a> als auch einem gesamtheitlichen Onlineauftritt der Stadt mit samt seiner Akteure und Services bildet einen vielversprechenden L\u00f6sungsansatz, der Ihre Innenstadt nach der Pandemie wieder zu ihrem alten Glanz verhelfen soll.<\/p>\r\n<p><a href=\"https:\/\/www.sinkacom.de\/innenstadt-30\/\" target=\"_blank\" rel=\"noopener noreferrer\">Die Innenstadt geht Online \u2013 gehen Sie mit!<\/a><\/p>\r\n<p>&nbsp;<\/p>\r\n<p>[\/vc_column_text][\/vc_column][\/vc_row][vc_row][vc_column][vc_column_text]<\/p>\r\n<h5>Referenzen: <a href=\"https:\/\/www.tagesschau.de\/wirtschaft\/innenstaedte-corona-101.html\" target=\"_blank\" rel=\"noopener noreferrer\">&#8222;Innenst\u00e4dte vor gewaltigem Umbruch&#8220;<\/a> (Tagesschau), <a href=\"https:\/\/www.dw.com\/de\/shopping-sind-innenst%C3%A4dte-noch-zu-retten\/a-54526624\" target=\"_blank\" rel=\"noopener noreferrer\">Shopping: Sind Innenst\u00e4dte noch zu retten?<\/a> (Deutsche Welle), <a href=\"https:\/\/www.aachener-zeitung.de\/coronavirus\/harte-zeiten-fuer-die-innenstaedte_aid-52373145\" target=\"_blank\" rel=\"noopener noreferrer\">Eine Pleitewelle droht &#8211; Harte Zeiten f\u00fcr die Innenst\u00e4dte<\/a> (Aachener Zeitung)<\/h5>\r\n<p>[\/vc_column_text][\/vc_column][\/vc_row]<\/p><\/div>","protected":false},"excerpt":{"rendered":"<p>[vc_row][vc_column][\/vc_column][vc_column][vc_column_text] Die Covid-19 Pandemie &#8211; Schwere Zeiten f\u00fcr die Innenst\u00e4dte Leere Ladenstra\u00dfen und minimale B\u00fcrobesetzung, die Covid-19 Pandemie hat ihre Spuren hinterlassen. Die Innenstadt, wie wir sie vorher kannten, hat sich ma\u00dfgeblich ver\u00e4ndert. Der nur fl\u00fcchtige Besuch von Gesch\u00e4ften f\u00fchrte zu gro\u00dfen Umsatzeinbu\u00dfen f\u00fcr den lokalen Einzelhandel und die Verlagerung ins Homeoffice f\u00fchrte zu einem&hellip;<\/p>\n","protected":false},"author":10,"featured_media":3515,"comment_status":"open","ping_status":"open","sticky":false,"template":"","format":"standard","meta":{"footnotes":""},"categories":[3,2],"tags":[105,93,89,66,71,88],"class_list":["post-3513","post","type-post","status-publish","format-standard","has-post-thumbnail","hentry","category-innenstadt","category-webapp","tag-covid-19","tag-digitale-transformation","tag-digitaler-marktplatz","tag-digitaler-wandel","tag-digitalisierung","tag-innenstadt-30","category-3","category-2","description-off"],"yoast_head":"<!-- This site is optimized with the Yoast SEO plugin v25.7 - https:\/\/yoast.com\/wordpress\/plugins\/seo\/ -->\n<title>SinkaCom Blog - Covid-19 &amp; Innenstadt \u2013 Die Zeit nach der Krise<\/title>\n<meta name=\"description\" content=\"Die Covid-19 Pandemie - Schwere Zeiten f\u00fcr die Innenst\u00e4dte Leere Ladenstra\u00dfen und minimale B\u00fcrobesetzung, die Covid-19 Pandemie hat ihre Spuren Covid-19 und Innenstadt \u2013 Die Zeit nach der Krise\" \/>\n<meta name=\"robots\" content=\"index, follow, max-snippet:-1, max-image-preview:large, max-video-preview:-1\" \/>\n<link rel=\"canonical\" href=\"https:\/\/www.sinkacom.de\/blog\/covid-19-und-innenstadt-die-zeit-nach-der-krise\/\" \/>\n<meta property=\"og:locale\" content=\"de_DE\" \/>\n<meta property=\"og:type\" content=\"article\" \/>\n<meta property=\"og:title\" content=\"SinkaCom Blog - Covid-19 &amp; Innenstadt \u2013 Die Zeit nach der Krise\" \/>\n<meta property=\"og:description\" content=\"Die Covid-19 Pandemie - Schwere Zeiten f\u00fcr die Innenst\u00e4dte Leere Ladenstra\u00dfen und minimale B\u00fcrobesetzung, die Covid-19 Pandemie hat ihre Spuren Covid-19 und Innenstadt \u2013 Die Zeit nach der Krise\" \/>\n<meta property=\"og:url\" content=\"https:\/\/www.sinkacom.de\/blog\/covid-19-und-innenstadt-die-zeit-nach-der-krise\/\" \/>\n<meta property=\"og:site_name\" content=\"SinkaCom Blog\" \/>\n<meta property=\"article:published_time\" content=\"2021-06-11T15:03:47+00:00\" \/>\n<meta property=\"article:modified_time\" content=\"2021-06-12T16:16:03+00:00\" \/>\n<meta property=\"og:image\" content=\"https:\/\/www.sinkacom.de\/blog\/wp-content\/uploads\/2020\/09\/Bild-2-Innenstadt.jpg\" \/>\n\t<meta property=\"og:image:width\" content=\"960\" \/>\n\t<meta property=\"og:image:height\" content=\"640\" \/>\n\t<meta property=\"og:image:type\" content=\"image\/jpeg\" \/>\n<meta name=\"author\" content=\"Julia Wiesbach\" \/>\n<meta name=\"twitter:label1\" content=\"Verfasst von\" \/>\n\t<meta name=\"twitter:data1\" content=\"Julia Wiesbach\" \/>\n\t<meta name=\"twitter:label2\" content=\"Gesch\u00e4tzte Lesezeit\" \/>\n\t<meta name=\"twitter:data2\" content=\"4\u00a0Minuten\" \/>\n<script type=\"application\/ld+json\" class=\"yoast-schema-graph\">{\"@context\":\"https:\/\/schema.org\",\"@graph\":[{\"@type\":\"Article\",\"@id\":\"https:\/\/www.sinkacom.de\/blog\/covid-19-und-innenstadt-die-zeit-nach-der-krise\/#article\",\"isPartOf\":{\"@id\":\"https:\/\/www.sinkacom.de\/blog\/covid-19-und-innenstadt-die-zeit-nach-der-krise\/\"},\"author\":{\"name\":\"Julia Wiesbach\",\"@id\":\"https:\/\/www.sinkacom.de\/blog\/#\/schema\/person\/0cc2e55d4188534ce36f8cacc6764e9a\"},\"headline\":\"Covid-19 &#038; Innenstadt \u2013 Die Zeit nach der Krise\",\"datePublished\":\"2021-06-11T15:03:47+00:00\",\"dateModified\":\"2021-06-12T16:16:03+00:00\",\"mainEntityOfPage\":{\"@id\":\"https:\/\/www.sinkacom.de\/blog\/covid-19-und-innenstadt-die-zeit-nach-der-krise\/\"},\"wordCount\":868,\"commentCount\":0,\"publisher\":{\"@id\":\"https:\/\/www.sinkacom.de\/blog\/#organization\"},\"image\":{\"@id\":\"https:\/\/www.sinkacom.de\/blog\/covid-19-und-innenstadt-die-zeit-nach-der-krise\/#primaryimage\"},\"thumbnailUrl\":\"https:\/\/www.sinkacom.de\/blog\/wp-content\/uploads\/2020\/09\/Bild-2-Innenstadt.jpg\",\"keywords\":[\"Covid-19\",\"Digitale Transformation\",\"Digitaler Marktplatz\",\"Digitaler Wandel\",\"Digitalisierung\",\"Innenstadt 30\"],\"articleSection\":[\"Innenstadt\",\"Web &amp; App\"],\"inLanguage\":\"de\",\"potentialAction\":[{\"@type\":\"CommentAction\",\"name\":\"Comment\",\"target\":[\"https:\/\/www.sinkacom.de\/blog\/covid-19-und-innenstadt-die-zeit-nach-der-krise\/#respond\"]}]},{\"@type\":\"WebPage\",\"@id\":\"https:\/\/www.sinkacom.de\/blog\/covid-19-und-innenstadt-die-zeit-nach-der-krise\/\",\"url\":\"https:\/\/www.sinkacom.de\/blog\/covid-19-und-innenstadt-die-zeit-nach-der-krise\/\",\"name\":\"SinkaCom Blog - Covid-19 & Innenstadt \u2013 Die Zeit nach der Krise\",\"isPartOf\":{\"@id\":\"https:\/\/www.sinkacom.de\/blog\/#website\"},\"primaryImageOfPage\":{\"@id\":\"https:\/\/www.sinkacom.de\/blog\/covid-19-und-innenstadt-die-zeit-nach-der-krise\/#primaryimage\"},\"image\":{\"@id\":\"https:\/\/www.sinkacom.de\/blog\/covid-19-und-innenstadt-die-zeit-nach-der-krise\/#primaryimage\"},\"thumbnailUrl\":\"https:\/\/www.sinkacom.de\/blog\/wp-content\/uploads\/2020\/09\/Bild-2-Innenstadt.jpg\",\"datePublished\":\"2021-06-11T15:03:47+00:00\",\"dateModified\":\"2021-06-12T16:16:03+00:00\",\"description\":\"Die Covid-19 Pandemie - Schwere Zeiten f\u00fcr die Innenst\u00e4dte Leere Ladenstra\u00dfen und minimale B\u00fcrobesetzung, die Covid-19 Pandemie hat ihre Spuren Covid-19 und Innenstadt \u2013 Die Zeit nach der Krise\",\"breadcrumb\":{\"@id\":\"https:\/\/www.sinkacom.de\/blog\/covid-19-und-innenstadt-die-zeit-nach-der-krise\/#breadcrumb\"},\"inLanguage\":\"de\",\"potentialAction\":[{\"@type\":\"ReadAction\",\"target\":[\"https:\/\/www.sinkacom.de\/blog\/covid-19-und-innenstadt-die-zeit-nach-der-krise\/\"]}]},{\"@type\":\"ImageObject\",\"inLanguage\":\"de\",\"@id\":\"https:\/\/www.sinkacom.de\/blog\/covid-19-und-innenstadt-die-zeit-nach-der-krise\/#primaryimage\",\"url\":\"https:\/\/www.sinkacom.de\/blog\/wp-content\/uploads\/2020\/09\/Bild-2-Innenstadt.jpg\",\"contentUrl\":\"https:\/\/www.sinkacom.de\/blog\/wp-content\/uploads\/2020\/09\/Bild-2-Innenstadt.jpg\",\"width\":960,\"height\":640,\"caption\":\"Covid-19\"},{\"@type\":\"BreadcrumbList\",\"@id\":\"https:\/\/www.sinkacom.de\/blog\/covid-19-und-innenstadt-die-zeit-nach-der-krise\/#breadcrumb\",\"itemListElement\":[{\"@type\":\"ListItem\",\"position\":1,\"name\":\"Home\",\"item\":\"https:\/\/www.sinkacom.de\/blog\/\"},{\"@type\":\"ListItem\",\"position\":2,\"name\":\"Covid-19 &#038; Innenstadt \u2013 Die Zeit nach der Krise\"}]},{\"@type\":\"WebSite\",\"@id\":\"https:\/\/www.sinkacom.de\/blog\/#website\",\"url\":\"https:\/\/www.sinkacom.de\/blog\/\",\"name\":\"SinkaCom Blog\",\"description\":\"\",\"publisher\":{\"@id\":\"https:\/\/www.sinkacom.de\/blog\/#organization\"},\"potentialAction\":[{\"@type\":\"SearchAction\",\"target\":{\"@type\":\"EntryPoint\",\"urlTemplate\":\"https:\/\/www.sinkacom.de\/blog\/?s={search_term_string}\"},\"query-input\":{\"@type\":\"PropertyValueSpecification\",\"valueRequired\":true,\"valueName\":\"search_term_string\"}}],\"inLanguage\":\"de\"},{\"@type\":\"Organization\",\"@id\":\"https:\/\/www.sinkacom.de\/blog\/#organization\",\"name\":\"SinkaCom AG\",\"url\":\"https:\/\/www.sinkacom.de\/blog\/\",\"logo\":{\"@type\":\"ImageObject\",\"inLanguage\":\"de\",\"@id\":\"https:\/\/www.sinkacom.de\/blog\/#\/schema\/logo\/image\/\",\"url\":\"\",\"contentUrl\":\"\",\"caption\":\"SinkaCom AG\"},\"image\":{\"@id\":\"https:\/\/www.sinkacom.de\/blog\/#\/schema\/logo\/image\/\"}},{\"@type\":\"Person\",\"@id\":\"https:\/\/www.sinkacom.de\/blog\/#\/schema\/person\/0cc2e55d4188534ce36f8cacc6764e9a\",\"name\":\"Julia Wiesbach\",\"url\":\"https:\/\/www.sinkacom.de\/blog\/author\/julia-wiesbach\/\"}]}<\/script>\n<!-- \/ Yoast SEO plugin. -->","yoast_head_json":{"title":"SinkaCom Blog - Covid-19 & Innenstadt \u2013 Die Zeit nach der Krise","description":"Die Covid-19 Pandemie - Schwere Zeiten f\u00fcr die Innenst\u00e4dte Leere Ladenstra\u00dfen und minimale B\u00fcrobesetzung, die Covid-19 Pandemie hat ihre Spuren Covid-19 und Innenstadt \u2013 Die Zeit nach der Krise","robots":{"index":"index","follow":"follow","max-snippet":"max-snippet:-1","max-image-preview":"max-image-preview:large","max-video-preview":"max-video-preview:-1"},"canonical":"https:\/\/www.sinkacom.de\/blog\/covid-19-und-innenstadt-die-zeit-nach-der-krise\/","og_locale":"de_DE","og_type":"article","og_title":"SinkaCom Blog - Covid-19 & Innenstadt \u2013 Die Zeit nach der Krise","og_description":"Die Covid-19 Pandemie - Schwere Zeiten f\u00fcr die Innenst\u00e4dte Leere Ladenstra\u00dfen und minimale B\u00fcrobesetzung, die Covid-19 Pandemie hat ihre Spuren Covid-19 und Innenstadt \u2013 Die Zeit nach der Krise","og_url":"https:\/\/www.sinkacom.de\/blog\/covid-19-und-innenstadt-die-zeit-nach-der-krise\/","og_site_name":"SinkaCom Blog","article_published_time":"2021-06-11T15:03:47+00:00","article_modified_time":"2021-06-12T16:16:03+00:00","og_image":[{"width":960,"height":640,"url":"https:\/\/www.sinkacom.de\/blog\/wp-content\/uploads\/2020\/09\/Bild-2-Innenstadt.jpg","type":"image\/jpeg"}],"author":"Julia Wiesbach","twitter_misc":{"Verfasst von":"Julia Wiesbach","Gesch\u00e4tzte Lesezeit":"4\u00a0Minuten"},"schema":{"@context":"https:\/\/schema.org","@graph":[{"@type":"Article","@id":"https:\/\/www.sinkacom.de\/blog\/covid-19-und-innenstadt-die-zeit-nach-der-krise\/#article","isPartOf":{"@id":"https:\/\/www.sinkacom.de\/blog\/covid-19-und-innenstadt-die-zeit-nach-der-krise\/"},"author":{"name":"Julia Wiesbach","@id":"https:\/\/www.sinkacom.de\/blog\/#\/schema\/person\/0cc2e55d4188534ce36f8cacc6764e9a"},"headline":"Covid-19 &#038; Innenstadt \u2013 Die Zeit nach der Krise","datePublished":"2021-06-11T15:03:47+00:00","dateModified":"2021-06-12T16:16:03+00:00","mainEntityOfPage":{"@id":"https:\/\/www.sinkacom.de\/blog\/covid-19-und-innenstadt-die-zeit-nach-der-krise\/"},"wordCount":868,"commentCount":0,"publisher":{"@id":"https:\/\/www.sinkacom.de\/blog\/#organization"},"image":{"@id":"https:\/\/www.sinkacom.de\/blog\/covid-19-und-innenstadt-die-zeit-nach-der-krise\/#primaryimage"},"thumbnailUrl":"https:\/\/www.sinkacom.de\/blog\/wp-content\/uploads\/2020\/09\/Bild-2-Innenstadt.jpg","keywords":["Covid-19","Digitale Transformation","Digitaler Marktplatz","Digitaler Wandel","Digitalisierung","Innenstadt 30"],"articleSection":["Innenstadt","Web &amp; App"],"inLanguage":"de","potentialAction":[{"@type":"CommentAction","name":"Comment","target":["https:\/\/www.sinkacom.de\/blog\/covid-19-und-innenstadt-die-zeit-nach-der-krise\/#respond"]}]},{"@type":"WebPage","@id":"https:\/\/www.sinkacom.de\/blog\/covid-19-und-innenstadt-die-zeit-nach-der-krise\/","url":"https:\/\/www.sinkacom.de\/blog\/covid-19-und-innenstadt-die-zeit-nach-der-krise\/","name":"SinkaCom Blog - Covid-19 & Innenstadt \u2013 Die Zeit nach der Krise","isPartOf":{"@id":"https:\/\/www.sinkacom.de\/blog\/#website"},"primaryImageOfPage":{"@id":"https:\/\/www.sinkacom.de\/blog\/covid-19-und-innenstadt-die-zeit-nach-der-krise\/#primaryimage"},"image":{"@id":"https:\/\/www.sinkacom.de\/blog\/covid-19-und-innenstadt-die-zeit-nach-der-krise\/#primaryimage"},"thumbnailUrl":"https:\/\/www.sinkacom.de\/blog\/wp-content\/uploads\/2020\/09\/Bild-2-Innenstadt.jpg","datePublished":"2021-06-11T15:03:47+00:00","dateModified":"2021-06-12T16:16:03+00:00","description":"Die Covid-19 Pandemie - Schwere Zeiten f\u00fcr die Innenst\u00e4dte Leere Ladenstra\u00dfen und minimale B\u00fcrobesetzung, die Covid-19 Pandemie hat ihre Spuren Covid-19 und Innenstadt \u2013 Die Zeit nach der Krise","breadcrumb":{"@id":"https:\/\/www.sinkacom.de\/blog\/covid-19-und-innenstadt-die-zeit-nach-der-krise\/#breadcrumb"},"inLanguage":"de","potentialAction":[{"@type":"ReadAction","target":["https:\/\/www.sinkacom.de\/blog\/covid-19-und-innenstadt-die-zeit-nach-der-krise\/"]}]},{"@type":"ImageObject","inLanguage":"de","@id":"https:\/\/www.sinkacom.de\/blog\/covid-19-und-innenstadt-die-zeit-nach-der-krise\/#primaryimage","url":"https:\/\/www.sinkacom.de\/blog\/wp-content\/uploads\/2020\/09\/Bild-2-Innenstadt.jpg","contentUrl":"https:\/\/www.sinkacom.de\/blog\/wp-content\/uploads\/2020\/09\/Bild-2-Innenstadt.jpg","width":960,"height":640,"caption":"Covid-19"},{"@type":"BreadcrumbList","@id":"https:\/\/www.sinkacom.de\/blog\/covid-19-und-innenstadt-die-zeit-nach-der-krise\/#breadcrumb","itemListElement":[{"@type":"ListItem","position":1,"name":"Home","item":"https:\/\/www.sinkacom.de\/blog\/"},{"@type":"ListItem","position":2,"name":"Covid-19 &#038; Innenstadt \u2013 Die Zeit nach der Krise"}]},{"@type":"WebSite","@id":"https:\/\/www.sinkacom.de\/blog\/#website","url":"https:\/\/www.sinkacom.de\/blog\/","name":"SinkaCom Blog","description":"","publisher":{"@id":"https:\/\/www.sinkacom.de\/blog\/#organization"},"potentialAction":[{"@type":"SearchAction","target":{"@type":"EntryPoint","urlTemplate":"https:\/\/www.sinkacom.de\/blog\/?s={search_term_string}"},"query-input":{"@type":"PropertyValueSpecification","valueRequired":true,"valueName":"search_term_string"}}],"inLanguage":"de"},{"@type":"Organization","@id":"https:\/\/www.sinkacom.de\/blog\/#organization","name":"SinkaCom AG","url":"https:\/\/www.sinkacom.de\/blog\/","logo":{"@type":"ImageObject","inLanguage":"de","@id":"https:\/\/www.sinkacom.de\/blog\/#\/schema\/logo\/image\/","url":"","contentUrl":"","caption":"SinkaCom AG"},"image":{"@id":"https:\/\/www.sinkacom.de\/blog\/#\/schema\/logo\/image\/"}},{"@type":"Person","@id":"https:\/\/www.sinkacom.de\/blog\/#\/schema\/person\/0cc2e55d4188534ce36f8cacc6764e9a","name":"Julia Wiesbach","url":"https:\/\/www.sinkacom.de\/blog\/author\/julia-wiesbach\/"}]}},"_links":{"self":[{"href":"https:\/\/www.sinkacom.de\/blog\/wp-json\/wp\/v2\/posts\/3513","targetHints":{"allow":["GET"]}}],"collection":[{"href":"https:\/\/www.sinkacom.de\/blog\/wp-json\/wp\/v2\/posts"}],"about":[{"href":"https:\/\/www.sinkacom.de\/blog\/wp-json\/wp\/v2\/types\/post"}],"author":[{"embeddable":true,"href":"https:\/\/www.sinkacom.de\/blog\/wp-json\/wp\/v2\/users\/10"}],"replies":[{"embeddable":true,"href":"https:\/\/www.sinkacom.de\/blog\/wp-json\/wp\/v2\/comments?post=3513"}],"version-history":[{"count":5,"href":"https:\/\/www.sinkacom.de\/blog\/wp-json\/wp\/v2\/posts\/3513\/revisions"}],"predecessor-version":[{"id":4213,"href":"https:\/\/www.sinkacom.de\/blog\/wp-json\/wp\/v2\/posts\/3513\/revisions\/4213"}],"wp:featuredmedia":[{"embeddable":true,"href":"https:\/\/www.sinkacom.de\/blog\/wp-json\/wp\/v2\/media\/3515"}],"wp:attachment":[{"href":"https:\/\/www.sinkacom.de\/blog\/wp-json\/wp\/v2\/media?parent=3513"}],"wp:term":[{"taxonomy":"category","embeddable":true,"href":"https:\/\/www.sinkacom.de\/blog\/wp-json\/wp\/v2\/categories?post=3513"},{"taxonomy":"post_tag","embeddable":true,"href":"https:\/\/www.sinkacom.de\/blog\/wp-json\/wp\/v2\/tags?post=3513"}],"curies":[{"name":"wp","href":"https:\/\/api.w.org\/{rel}","templated":true}]}}