{"id":3036,"date":"2020-07-21T10:35:27","date_gmt":"2020-07-21T08:35:27","guid":{"rendered":"https:\/\/www.sinkacom.de\/blog\/?p=3036"},"modified":"2024-11-26T17:37:06","modified_gmt":"2024-11-26T16:37:06","slug":"klaerung-offener-fragen-der-begriff-webinar","status":"publish","type":"post","link":"https:\/\/www.sinkacom.de\/blog\/klaerung-offener-fragen-der-begriff-webinar\/","title":{"rendered":"Kl\u00e4rung offener Fragen: Der Begriff \u201eWebinar\u201c"},"content":{"rendered":"<div class=\"wpb-content-wrapper\"><p>[vc_row][vc_column]<div id=\"ultimate-heading-1769f39d3bf22fc\" class=\"uvc-heading ult-adjust-bottom-margin ultimate-heading-1769f39d3bf22fc uvc-1453  uvc-heading-default-font-sizes\" data-hspacer=\"no_spacer\"  data-halign=\"left\" style=\"text-align:left\"><div class=\"uvc-heading-spacer no_spacer\" style=\"top\"><\/div><div class=\"uvc-main-heading ult-responsive\"  data-ultimate-target='.uvc-heading.ultimate-heading-1769f39d3bf22fc h1'  data-responsive-json-new='{\"font-size\":\"\",\"line-height\":\"\"}' ><h1 style=\"--font-weight:theme;margin-bottom:30px;\">Kl\u00e4rung offener Fragen: Der Begriff \u201eWebinar\u201c<\/h1><\/div><\/div>[\/vc_column][vc_column][vc_column_text]<\/p>\r\n<h2>Hat es Abmahnungen gegeben? Oder darf der Begriff weiter verwendet werden?<\/h2>\r\n<p>Zu Zeiten von <a href=\"https:\/\/www.sinkacom.de\/blog\/koennen-sich-kmu-in-der-corona-krise-behaupten\/\" target=\"_blank\" rel=\"noopener noreferrer\">Kontaktbeschr\u00e4nkungen und Verboten gro\u00dfer Veranstaltungen<\/a> boomten Online-Schulungen, sogenannte \u201eWebinare\u201c. Da \u00fcberraschte es, dass der oft gebrauchte Begriff offenbar seit 2003 als Marke beim Deutschen Patent- und Markenamt (DPMA) eingetragen und entsprechend markenrechtlich gesch\u00fctzt ist. In Social-Media-Diskussionen und Internetforen stellte sich infolgedessen die Frage: Droht bei Verwendung des Wortes die Abmahnung?<\/p>\r\n<p>&nbsp;<\/p>\r\n<h2>Begriffskl\u00e4rung<\/h2>\r\n<h4><strong>Was ist ein \u201eWebinar\u201c?<\/strong><\/h4>\r\n<p>Um \u00fcber den unbefugten Gebrauch des Wortes entscheiden zu k\u00f6nnen, muss erst gekl\u00e4rt werden, inwiefern es sich bei der Bezeichnung f\u00fcr Web-Schulungen um eine tats\u00e4chliche Marke handelt \u2013 und inwiefern nicht.<\/p>\r\n<p>Der Begriff beschreibt Dienstleistungen wie die \u201eVeranstaltung und Durchf\u00fchrung von Seminaren\u201c beziehungsweise die \u201eOrganisation und Veranstaltung von Konferenzen.\u201c Die \u201eBereitstellung von Informationen [erfolgt ] im Internet\u201c (Quelle: t3n). Der live stattfindende Online-Workshop erlaubt es Teilnehmern und Sprechern, sich auszutauschen und sofort R\u00fcckfragen zu kl\u00e4ren. Die Vorteile des allseits beliebten \u201eWebinars\u201c sind nicht nur w\u00e4hrend der <a href=\"https:\/\/www.sinkacom.de\/blog\/covid-19-daseinsvorsorge-sichern\/\" target=\"_blank\" rel=\"noopener noreferrer\">weltweiten Pandemie<\/a> die Flexibilit\u00e4t aufgrund des beliebigen r\u00e4umlichen Abstands und der Zug\u00e4nglichkeit. Zur Teilnahme ben\u00f6tigt man lediglich ein Endger\u00e4t und eine Internetverbindung. Entsprechend gering sind die Kosten: Die Teilnehmer sparen Fahrtkosten und -wege, die Veranstalter beispielsweise die Buchung eines Veranstaltungsraumes.<\/p>\r\n<p>&nbsp;<\/p>\r\n<h4><strong>Was hat es mit der Marke \u201eWebinar\u201c auf sich?<\/strong><\/h4>\r\n<p>Beschreibende Begriffe, wie der der Online-Schulungen, darf man nicht markenrechtlich sch\u00fctzen lassen. Berechtigterweise stellt sich die Frage, wie es sein kann, dass es eine eingetragene Marke zum allgemein gebr\u00e4uchlichen Begriff \u201eWebinar\u201c gibt. Die Antwort liegt in dem Umstand, dass sich das Wort 2003 in der deutschen Sprache noch nicht wie heute f\u00fcr Fortbildungsveranstaltungen durchgesetzt hatte. W\u00fcrde man das Wort heutzutage als Marke beantragen, d\u00fcrfte es nicht rechtskr\u00e4ftig als solche anerkannt werden.<\/p>\r\n<p>Dass sich das Wort \u00fcberhaupt f\u00fcr den allgemeinen Sprachgebrauch durchgesetzt hat, liegt m\u00f6glicherweise daran, dass der Markeninhaber seine Rechte an der Marke nicht von Anfang an konsequent durchgesetzt und den unbefugten Gebrauch des Worts \u201eWebinar\u201c nicht unterbunden hat. Umso fragw\u00fcrdiger, dass der Lizenzgeber j\u00fcngst Abmahnungen ausgesprochen haben soll.<\/p>\r\n<p>&nbsp;<\/p>\r\n<h4><strong>Wem geh\u00f6rt die Marke?<\/strong><\/h4>\r\n<p>Wie der Markeninhaber Mark Keller aus Kuala Lumpur, Malaysia, in einer Stellungnahme erkl\u00e4rt, stammten die Abmahnungen aber tats\u00e4chlich <strong>nicht<\/strong> aus seinem Munde. Weiterhin stellt er den richtigen Gebrauch seiner Marke klar.<\/p>\r\n<p>&nbsp;<\/p>\r\n<h2>Von vermeintlichen Abmahnungen und Antr\u00e4gen auf L\u00f6schung<\/h2>\r\n<p>Am 2. Juli 2020 erfolgte die erste Abmahnung (Quelle: Law-Blog). Sie stie\u00df auf weit verbreitetes Unverst\u00e4ndnis. Hatte der Markeninhaber wom\u00f6glich Wind vom g\u00e4ngigen Gebrauch des Wortes \u201eWebinar\u201c bekommen und versuchte jetzt, seine Rechte durchzusetzen?<\/p>\r\n<p>Prompt folgten auf die Abmahnung f\u00fcnf Antr\u00e4ge auf L\u00f6schung der Marke. Bis zum 8. Juli 2020 zun\u00e4chst vier Verfallsantr\u00e4ge auf Nichtbenutzung und einer auf absolute Nichtigkeit. Das DPMA k\u00f6nnte die Marke wegen \u201eVerfalls\u201c l\u00f6schen, weil <em>\u201e\u2026die Marke infolge des Verhaltens oder der Unt\u00e4tigkeit ihres Inhabers im gesch\u00e4ftlichen Verkehr zur gebr\u00e4uchlichen Bezeichnung der Waren oder Dienstleistungen, f\u00fcr die sie eingetragen ist, geworden ist.\u201c <\/em>Genau das ist geschehen: Das Wort \u201eWebinar\u201c ist l\u00e4ngst Gattungsbegriff. \u201eNichtbenutzung\u201c meint, der Markeninhaber m\u00fcsse die Marke <em>\u201eals Herkunftshinweis f\u00fcr seine eingetragenen Dienstleistungen, zum Beispiel Online-Seminare, benutzen, wenn er nicht riskieren w[o]ll[e], dass sonst die Marke auf Antrag wegen des Verfalls gel\u00f6scht wird.\u201c<\/em><\/p>\r\n<p>Warum Mark Keller seine Marke wegen allgemeiner Gebr\u00e4uchlichkeit nicht l\u00f6schen l\u00e4sst, ist unklar. In seiner Stellungnahme vom 6. Juli 2020 teilt er aber mit, dass er keine Abmahnungen ausgesprochen hat. Weiterhin gibt er hinsichtlich der Nutzung des Wortes \u201eWebinar\u201c Entwarnung!<\/p>\r\n<p>&nbsp;<\/p>\r\n<h2>Die Stellungnahme des Markeninhabers<\/h2>\r\n<p>\u00dcber seine Kanzlei <em>Legispro<\/em> lie\u00df der Inhaber und Lizenzgeber der DPMA-Marke mitteilen, dass er keine Abmahnungen verschickt h\u00e4tte. Wer immer die Abmahnungen, \u00fcber die diverse Quellen berichteten, ausgesprochen h\u00e4tte, habe dies mit einem kriminellen Hintergedanken getan. Mark Keller sehe in der Benutzung des Begriffes f\u00fcr Online-Seminare <strong>keinen Markenversto\u00df<\/strong>. Er erkl\u00e4rt, \u201e<em>dass niemand Beeintr\u00e4chtigungen oder rechtliche Folgen bei seinen Aktivit\u00e4ten im Zusammenhang mit Online-Seminaren bef\u00fcrchten und erfahren muss, wie auch immer diese im bevorzugten Sprachgebrauch von jedem Einzelnen bezeichnet werden.\u201c <\/em>Denn\u00a0\u201e<em>die Markenbezeichnung WEBINAR\u00ae [sei] keinesfalls gleichbedeutend mit dem Begriff \u201eWebinar\u201c oder sonstigen begrifflichen Abwandlungen.\u201c <\/em><\/p>\r\n<p>Den Unterschied beschreibt er wie folgt: \u201e<em>Der Begriff \u201eWebinar\u201c wird im allt\u00e4glichen Sprachgebrauch oft als Gattungsbegriff f\u00fcr Online-Seminare aller Art und f\u00fcr Dienste von verschiedenen Anbietern verwendet. Die seit dem Jahr 2003 beim Deutschen Patent- und Markenamt eingetragene deutsche Marke \u201eWEBINAR\u00ae\u201c ist eine Qualit\u00e4tsbezeichnung f\u00fcr Online-Seminare sowie weitere Dienste und wird seit vielen Jahren zur Kennzeichnung von Veranstaltungen, Online-Seminaren und weiteren Projekten benutzt.\u201c<\/em> Insofern seien erfolgte Abmahnungen nicht rechtens.<\/p>\r\n<p>Eher sei es der Marke \u00e4hnlich wie anderen bekannten Marken wie <em>\u201eTEMPO\u00ae\u201c, \u201ePLEXIGLAS\u00ae\u201c, \u201eUHU\u00ae\u201c <\/em>und<em>\u201eTESA\u00ae\u201c <\/em>ergangen. Um Missverst\u00e4ndnisse zu vermeiden, sei <em>\u201e[i]<\/em><em>m Verkehr [&#8230;] der Unterschied zwischen der Marke WEBINAR\u00ae und dem Begriff \u201eWebinar\u201c regelm\u00e4\u00dfig an dem Markenhinweis durch die Beif\u00fcgung des \u201e\u00ae\u201c-Symbols zu erkennen.<\/em>\u201c<\/p>\r\n<p>[\/vc_column_text][vc_row_inner][vc_column_inner width=&#8220;2\/3&#8243;][vc_column_text]<\/p>\r\n<h2>Checkliste<\/h2>\r\n<ul>\r\n<li>Man darf den beschreibenden Begriff \u201eWebinar\u201c weiterhin verwenden, denn er meint nichts anderes als \u201eOnline-Schulung\u201c oder \u201eOnline-Seminar\u201c.<\/li>\r\n<li>Die Bezeichnung der gesch\u00fctzten deutschen Marke lautet <em>\u201eWEBINAR\u00ae\u201c. <\/em>Diese darf man nur nutzen, wenn man die Lizenz dazu besitzt.<\/li>\r\n<li>Der Markeninhaber darf aber theoretisch jeden abmahnen, der den Begriff markenm\u00e4\u00dfig f\u00fcr Online-Seminare und -Schulungen benutzt. \u201eMarkenm\u00e4\u00dfig\u201c meint, dass man den Begriff konkret f\u00fcr die Kennzeichnung bestimmter Waren oder Leistungen nutzt und nicht rein beschreibend. Im Falle eines Falles entscheidet letztlich aber immer der Richter.<\/li>\r\n<li>Wenn man das Abmahnrisiko zu 100% ausschlie\u00dfen will, kann man den Begriff \u201eWebinar\u201c beispielsweise durch Synonyme wie \u201eOnline-Schulung\u201c, \u201eWeb-Seminar\u201c oder \u201eOnline-Seminar\u201c ersetzen.<\/li>\r\n<\/ul>\r\n<p>[\/vc_column_text][\/vc_column_inner][vc_column_inner width=&#8220;1\/3&#8243;][vc_column_text]<\/p>\r\n<h2>\u00a0<\/h2>\r\n<p>[\/vc_column_text][vc_single_image image=&#8220;3074&#8243; img_size=&#8220;full&#8220;][\/vc_column_inner][\/vc_row_inner][\/vc_column][\/vc_row][vc_row][vc_column][\/vc_column][\/vc_row][vc_row][vc_column][vc_column_text]<\/p>\r\n<h5>Referenzen: <a href=\"https:\/\/www.law-blog.de\/1969\/eingetragene-marke-webinar-droht-abmahnung-bei-verwendung\/\" target=\"_blank\" rel=\"noopener noreferrer\">Eingetragene Marke \u201eWebinar\u201c &#8211; Droht Abmahnung bei Verwendung?<\/a> (Law-Blog); <a href=\"https:\/\/rieck-partner.de\/markenrecht\/abmahnungen-wegen-marke-webinar.html\" target=\"_blank\" rel=\"noopener noreferrer\">Abmahnungen wegen Marke \u201eWebinar\u201c<\/a> (Rieck &amp; Partner Rechtsanw\u00e4lte); <a href=\"https:\/\/t3n.de\/news\/markenrecht-offenbar-erste-wegen-1296711\/\" target=\"_blank\" rel=\"noopener noreferrer\">Markenrecht: Offenbar erste Abmahnung wegen Begriff \u201eWebinar\u201c<\/a> (t3n); <a href=\"https:\/\/www.e-recht24.de\/artikel\/markenrecht\/12212-webinar-marke-abmahnung.html\" target=\"_blank\" rel=\"noopener noreferrer\">Ist die Bezeichnung \u201eWebinar\u201c wirklich als Marke gesch\u00fctzt und kann abgemahnt werden?<\/a> (eRecht24); <a href=\"https:\/\/www.marconomy.de\/abmahnungen-wegen-der-marke-webinar-nicht-rechtens-a-947492\/\" target=\"_blank\" rel=\"noopener noreferrer\">Offizielle Stellungnahme: Abmahnungen wegen der Marke \u201eWebinar\u201c nicht rechtens<\/a> (marconomy)<\/h5>\r\n<p>[\/vc_column_text][\/vc_column][\/vc_row]<\/p><\/div>","protected":false},"excerpt":{"rendered":"<p>[vc_row][vc_column][\/vc_column][vc_column][vc_column_text] Hat es Abmahnungen gegeben? Oder darf der Begriff weiter verwendet werden? Zu Zeiten von Kontaktbeschr\u00e4nkungen und Verboten gro\u00dfer Veranstaltungen boomten Online-Schulungen, sogenannte \u201eWebinare\u201c. Da \u00fcberraschte es, dass der oft gebrauchte Begriff offenbar seit 2003 als Marke beim Deutschen Patent- und Markenamt (DPMA) eingetragen und entsprechend markenrechtlich gesch\u00fctzt ist. In Social-Media-Diskussionen und Internetforen stellte sich&hellip;<\/p>\n","protected":false},"author":7,"featured_media":3051,"comment_status":"open","ping_status":"open","sticky":false,"template":"","format":"standard","meta":{"footnotes":""},"categories":[30,2],"tags":[71,122,20],"class_list":["post-3036","post","type-post","status-publish","format-standard","has-post-thumbnail","hentry","category-veranstaltungen-messen","category-webapp","tag-digitalisierung","tag-online-seminar","tag-web-app","category-30","category-2","description-off"],"yoast_head":"<!-- This site is optimized with the Yoast SEO plugin v25.7 - https:\/\/yoast.com\/wordpress\/plugins\/seo\/ -->\n<title>SinkaCom Blog - Kl\u00e4rung offener Fragen: Der Begriff \u201eWebinar\u201c<\/title>\n<meta name=\"description\" content=\"Hat es Abmahnungen gegeben? Oder darf der Begriff weiter verwendet werden? Zu Zeiten von Kontaktbeschr\u00e4nkungen und Verboten gro\u00dfer Veranstaltungen boomten\" \/>\n<meta name=\"robots\" content=\"index, follow, max-snippet:-1, max-image-preview:large, max-video-preview:-1\" \/>\n<link rel=\"canonical\" href=\"https:\/\/www.sinkacom.de\/blog\/?p=3036\" \/>\n<meta property=\"og:locale\" content=\"de_DE\" \/>\n<meta property=\"og:type\" content=\"article\" \/>\n<meta property=\"og:title\" content=\"SinkaCom Blog - Kl\u00e4rung offener Fragen: Der Begriff \u201eWebinar\u201c\" \/>\n<meta property=\"og:description\" content=\"Hat es Abmahnungen gegeben? Oder darf der Begriff weiter verwendet werden? Zu Zeiten von Kontaktbeschr\u00e4nkungen und Verboten gro\u00dfer Veranstaltungen boomten\" \/>\n<meta property=\"og:url\" content=\"https:\/\/www.sinkacom.de\/blog\/?p=3036\" \/>\n<meta property=\"og:site_name\" content=\"SinkaCom Blog\" \/>\n<meta property=\"article:published_time\" content=\"2020-07-21T08:35:27+00:00\" \/>\n<meta property=\"article:modified_time\" content=\"2024-11-26T16:37:06+00:00\" \/>\n<meta property=\"og:image\" content=\"https:\/\/www.sinkacom.de\/blog\/wp-content\/uploads\/2020\/07\/seminar04.png\" \/>\n\t<meta property=\"og:image:width\" content=\"1919\" \/>\n\t<meta property=\"og:image:height\" content=\"1270\" \/>\n\t<meta property=\"og:image:type\" content=\"image\/png\" \/>\n<meta name=\"author\" content=\"Melanie Balbo\" \/>\n<meta name=\"twitter:label1\" content=\"Verfasst von\" \/>\n\t<meta name=\"twitter:data1\" content=\"Melanie Balbo\" \/>\n\t<meta name=\"twitter:label2\" content=\"Gesch\u00e4tzte Lesezeit\" \/>\n\t<meta name=\"twitter:data2\" content=\"6\u00a0Minuten\" \/>\n<script type=\"application\/ld+json\" class=\"yoast-schema-graph\">{\"@context\":\"https:\/\/schema.org\",\"@graph\":[{\"@type\":\"Article\",\"@id\":\"https:\/\/www.sinkacom.de\/blog\/?p=3036#article\",\"isPartOf\":{\"@id\":\"https:\/\/www.sinkacom.de\/blog\/?p=3036\"},\"author\":{\"name\":\"Melanie Balbo\",\"@id\":\"https:\/\/www.sinkacom.de\/blog\/#\/schema\/person\/99fbd57fcce2706c1c9a8f0d1f7d5c64\"},\"headline\":\"Kl\u00e4rung offener Fragen: Der Begriff \u201eWebinar\u201c\",\"datePublished\":\"2020-07-21T08:35:27+00:00\",\"dateModified\":\"2024-11-26T16:37:06+00:00\",\"mainEntityOfPage\":{\"@id\":\"https:\/\/www.sinkacom.de\/blog\/?p=3036\"},\"wordCount\":1093,\"commentCount\":0,\"publisher\":{\"@id\":\"https:\/\/www.sinkacom.de\/blog\/#organization\"},\"image\":{\"@id\":\"https:\/\/www.sinkacom.de\/blog\/?p=3036#primaryimage\"},\"thumbnailUrl\":\"https:\/\/www.sinkacom.de\/blog\/wp-content\/uploads\/2020\/07\/seminar04.png\",\"keywords\":[\"Digitalisierung\",\"Online-Seminar\",\"Web &amp; App\"],\"articleSection\":[\"Veranstaltungen\",\"Web &amp; App\"],\"inLanguage\":\"de\",\"potentialAction\":[{\"@type\":\"CommentAction\",\"name\":\"Comment\",\"target\":[\"https:\/\/www.sinkacom.de\/blog\/?p=3036#respond\"]}]},{\"@type\":\"WebPage\",\"@id\":\"https:\/\/www.sinkacom.de\/blog\/?p=3036\",\"url\":\"https:\/\/www.sinkacom.de\/blog\/?p=3036\",\"name\":\"SinkaCom Blog - Kl\u00e4rung offener Fragen: Der Begriff \u201eWebinar\u201c\",\"isPartOf\":{\"@id\":\"https:\/\/www.sinkacom.de\/blog\/#website\"},\"primaryImageOfPage\":{\"@id\":\"https:\/\/www.sinkacom.de\/blog\/?p=3036#primaryimage\"},\"image\":{\"@id\":\"https:\/\/www.sinkacom.de\/blog\/?p=3036#primaryimage\"},\"thumbnailUrl\":\"https:\/\/www.sinkacom.de\/blog\/wp-content\/uploads\/2020\/07\/seminar04.png\",\"datePublished\":\"2020-07-21T08:35:27+00:00\",\"dateModified\":\"2024-11-26T16:37:06+00:00\",\"description\":\"Hat es Abmahnungen gegeben? Oder darf der Begriff weiter verwendet werden? Zu Zeiten von Kontaktbeschr\u00e4nkungen und Verboten gro\u00dfer Veranstaltungen boomten\",\"breadcrumb\":{\"@id\":\"https:\/\/www.sinkacom.de\/blog\/?p=3036#breadcrumb\"},\"inLanguage\":\"de\",\"potentialAction\":[{\"@type\":\"ReadAction\",\"target\":[\"https:\/\/www.sinkacom.de\/blog\/?p=3036\"]}]},{\"@type\":\"ImageObject\",\"inLanguage\":\"de\",\"@id\":\"https:\/\/www.sinkacom.de\/blog\/?p=3036#primaryimage\",\"url\":\"https:\/\/www.sinkacom.de\/blog\/wp-content\/uploads\/2020\/07\/seminar04.png\",\"contentUrl\":\"https:\/\/www.sinkacom.de\/blog\/wp-content\/uploads\/2020\/07\/seminar04.png\",\"width\":1919,\"height\":1270,\"caption\":\"Webinar\"},{\"@type\":\"BreadcrumbList\",\"@id\":\"https:\/\/www.sinkacom.de\/blog\/?p=3036#breadcrumb\",\"itemListElement\":[{\"@type\":\"ListItem\",\"position\":1,\"name\":\"Home\",\"item\":\"https:\/\/www.sinkacom.de\/blog\/\"},{\"@type\":\"ListItem\",\"position\":2,\"name\":\"Kl\u00e4rung offener Fragen: Der Begriff \u201eWebinar\u201c\"}]},{\"@type\":\"WebSite\",\"@id\":\"https:\/\/www.sinkacom.de\/blog\/#website\",\"url\":\"https:\/\/www.sinkacom.de\/blog\/\",\"name\":\"SinkaCom Blog\",\"description\":\"\",\"publisher\":{\"@id\":\"https:\/\/www.sinkacom.de\/blog\/#organization\"},\"potentialAction\":[{\"@type\":\"SearchAction\",\"target\":{\"@type\":\"EntryPoint\",\"urlTemplate\":\"https:\/\/www.sinkacom.de\/blog\/?s={search_term_string}\"},\"query-input\":{\"@type\":\"PropertyValueSpecification\",\"valueRequired\":true,\"valueName\":\"search_term_string\"}}],\"inLanguage\":\"de\"},{\"@type\":\"Organization\",\"@id\":\"https:\/\/www.sinkacom.de\/blog\/#organization\",\"name\":\"SinkaCom AG\",\"url\":\"https:\/\/www.sinkacom.de\/blog\/\",\"logo\":{\"@type\":\"ImageObject\",\"inLanguage\":\"de\",\"@id\":\"https:\/\/www.sinkacom.de\/blog\/#\/schema\/logo\/image\/\",\"url\":\"\",\"contentUrl\":\"\",\"caption\":\"SinkaCom AG\"},\"image\":{\"@id\":\"https:\/\/www.sinkacom.de\/blog\/#\/schema\/logo\/image\/\"}},{\"@type\":\"Person\",\"@id\":\"https:\/\/www.sinkacom.de\/blog\/#\/schema\/person\/99fbd57fcce2706c1c9a8f0d1f7d5c64\",\"name\":\"Melanie Balbo\",\"url\":\"https:\/\/www.sinkacom.de\/blog\/author\/melanie-balbo\/\"}]}<\/script>\n<!-- \/ Yoast SEO plugin. -->","yoast_head_json":{"title":"SinkaCom Blog - Kl\u00e4rung offener Fragen: Der Begriff \u201eWebinar\u201c","description":"Hat es Abmahnungen gegeben? Oder darf der Begriff weiter verwendet werden? Zu Zeiten von Kontaktbeschr\u00e4nkungen und Verboten gro\u00dfer Veranstaltungen boomten","robots":{"index":"index","follow":"follow","max-snippet":"max-snippet:-1","max-image-preview":"max-image-preview:large","max-video-preview":"max-video-preview:-1"},"canonical":"https:\/\/www.sinkacom.de\/blog\/?p=3036","og_locale":"de_DE","og_type":"article","og_title":"SinkaCom Blog - Kl\u00e4rung offener Fragen: Der Begriff \u201eWebinar\u201c","og_description":"Hat es Abmahnungen gegeben? Oder darf der Begriff weiter verwendet werden? Zu Zeiten von Kontaktbeschr\u00e4nkungen und Verboten gro\u00dfer Veranstaltungen boomten","og_url":"https:\/\/www.sinkacom.de\/blog\/?p=3036","og_site_name":"SinkaCom Blog","article_published_time":"2020-07-21T08:35:27+00:00","article_modified_time":"2024-11-26T16:37:06+00:00","og_image":[{"width":1919,"height":1270,"url":"https:\/\/www.sinkacom.de\/blog\/wp-content\/uploads\/2020\/07\/seminar04.png","type":"image\/png"}],"author":"Melanie Balbo","twitter_misc":{"Verfasst von":"Melanie Balbo","Gesch\u00e4tzte Lesezeit":"6\u00a0Minuten"},"schema":{"@context":"https:\/\/schema.org","@graph":[{"@type":"Article","@id":"https:\/\/www.sinkacom.de\/blog\/?p=3036#article","isPartOf":{"@id":"https:\/\/www.sinkacom.de\/blog\/?p=3036"},"author":{"name":"Melanie Balbo","@id":"https:\/\/www.sinkacom.de\/blog\/#\/schema\/person\/99fbd57fcce2706c1c9a8f0d1f7d5c64"},"headline":"Kl\u00e4rung offener Fragen: Der Begriff \u201eWebinar\u201c","datePublished":"2020-07-21T08:35:27+00:00","dateModified":"2024-11-26T16:37:06+00:00","mainEntityOfPage":{"@id":"https:\/\/www.sinkacom.de\/blog\/?p=3036"},"wordCount":1093,"commentCount":0,"publisher":{"@id":"https:\/\/www.sinkacom.de\/blog\/#organization"},"image":{"@id":"https:\/\/www.sinkacom.de\/blog\/?p=3036#primaryimage"},"thumbnailUrl":"https:\/\/www.sinkacom.de\/blog\/wp-content\/uploads\/2020\/07\/seminar04.png","keywords":["Digitalisierung","Online-Seminar","Web &amp; App"],"articleSection":["Veranstaltungen","Web &amp; App"],"inLanguage":"de","potentialAction":[{"@type":"CommentAction","name":"Comment","target":["https:\/\/www.sinkacom.de\/blog\/?p=3036#respond"]}]},{"@type":"WebPage","@id":"https:\/\/www.sinkacom.de\/blog\/?p=3036","url":"https:\/\/www.sinkacom.de\/blog\/?p=3036","name":"SinkaCom Blog - Kl\u00e4rung offener Fragen: Der Begriff \u201eWebinar\u201c","isPartOf":{"@id":"https:\/\/www.sinkacom.de\/blog\/#website"},"primaryImageOfPage":{"@id":"https:\/\/www.sinkacom.de\/blog\/?p=3036#primaryimage"},"image":{"@id":"https:\/\/www.sinkacom.de\/blog\/?p=3036#primaryimage"},"thumbnailUrl":"https:\/\/www.sinkacom.de\/blog\/wp-content\/uploads\/2020\/07\/seminar04.png","datePublished":"2020-07-21T08:35:27+00:00","dateModified":"2024-11-26T16:37:06+00:00","description":"Hat es Abmahnungen gegeben? Oder darf der Begriff weiter verwendet werden? Zu Zeiten von Kontaktbeschr\u00e4nkungen und Verboten gro\u00dfer Veranstaltungen boomten","breadcrumb":{"@id":"https:\/\/www.sinkacom.de\/blog\/?p=3036#breadcrumb"},"inLanguage":"de","potentialAction":[{"@type":"ReadAction","target":["https:\/\/www.sinkacom.de\/blog\/?p=3036"]}]},{"@type":"ImageObject","inLanguage":"de","@id":"https:\/\/www.sinkacom.de\/blog\/?p=3036#primaryimage","url":"https:\/\/www.sinkacom.de\/blog\/wp-content\/uploads\/2020\/07\/seminar04.png","contentUrl":"https:\/\/www.sinkacom.de\/blog\/wp-content\/uploads\/2020\/07\/seminar04.png","width":1919,"height":1270,"caption":"Webinar"},{"@type":"BreadcrumbList","@id":"https:\/\/www.sinkacom.de\/blog\/?p=3036#breadcrumb","itemListElement":[{"@type":"ListItem","position":1,"name":"Home","item":"https:\/\/www.sinkacom.de\/blog\/"},{"@type":"ListItem","position":2,"name":"Kl\u00e4rung offener Fragen: Der Begriff \u201eWebinar\u201c"}]},{"@type":"WebSite","@id":"https:\/\/www.sinkacom.de\/blog\/#website","url":"https:\/\/www.sinkacom.de\/blog\/","name":"SinkaCom Blog","description":"","publisher":{"@id":"https:\/\/www.sinkacom.de\/blog\/#organization"},"potentialAction":[{"@type":"SearchAction","target":{"@type":"EntryPoint","urlTemplate":"https:\/\/www.sinkacom.de\/blog\/?s={search_term_string}"},"query-input":{"@type":"PropertyValueSpecification","valueRequired":true,"valueName":"search_term_string"}}],"inLanguage":"de"},{"@type":"Organization","@id":"https:\/\/www.sinkacom.de\/blog\/#organization","name":"SinkaCom AG","url":"https:\/\/www.sinkacom.de\/blog\/","logo":{"@type":"ImageObject","inLanguage":"de","@id":"https:\/\/www.sinkacom.de\/blog\/#\/schema\/logo\/image\/","url":"","contentUrl":"","caption":"SinkaCom AG"},"image":{"@id":"https:\/\/www.sinkacom.de\/blog\/#\/schema\/logo\/image\/"}},{"@type":"Person","@id":"https:\/\/www.sinkacom.de\/blog\/#\/schema\/person\/99fbd57fcce2706c1c9a8f0d1f7d5c64","name":"Melanie Balbo","url":"https:\/\/www.sinkacom.de\/blog\/author\/melanie-balbo\/"}]}},"_links":{"self":[{"href":"https:\/\/www.sinkacom.de\/blog\/wp-json\/wp\/v2\/posts\/3036","targetHints":{"allow":["GET"]}}],"collection":[{"href":"https:\/\/www.sinkacom.de\/blog\/wp-json\/wp\/v2\/posts"}],"about":[{"href":"https:\/\/www.sinkacom.de\/blog\/wp-json\/wp\/v2\/types\/post"}],"author":[{"embeddable":true,"href":"https:\/\/www.sinkacom.de\/blog\/wp-json\/wp\/v2\/users\/7"}],"replies":[{"embeddable":true,"href":"https:\/\/www.sinkacom.de\/blog\/wp-json\/wp\/v2\/comments?post=3036"}],"version-history":[{"count":6,"href":"https:\/\/www.sinkacom.de\/blog\/wp-json\/wp\/v2\/posts\/3036\/revisions"}],"predecessor-version":[{"id":4340,"href":"https:\/\/www.sinkacom.de\/blog\/wp-json\/wp\/v2\/posts\/3036\/revisions\/4340"}],"wp:featuredmedia":[{"embeddable":true,"href":"https:\/\/www.sinkacom.de\/blog\/wp-json\/wp\/v2\/media\/3051"}],"wp:attachment":[{"href":"https:\/\/www.sinkacom.de\/blog\/wp-json\/wp\/v2\/media?parent=3036"}],"wp:term":[{"taxonomy":"category","embeddable":true,"href":"https:\/\/www.sinkacom.de\/blog\/wp-json\/wp\/v2\/categories?post=3036"},{"taxonomy":"post_tag","embeddable":true,"href":"https:\/\/www.sinkacom.de\/blog\/wp-json\/wp\/v2\/tags?post=3036"}],"curies":[{"name":"wp","href":"https:\/\/api.w.org\/{rel}","templated":true}]}}