{"id":2761,"date":"2020-06-15T11:00:19","date_gmt":"2020-06-15T09:00:19","guid":{"rendered":"https:\/\/www.sinkacom.de\/blog\/?p=2761"},"modified":"2020-06-15T10:57:29","modified_gmt":"2020-06-15T08:57:29","slug":"mehrwertsteuer-anpassung-dank-corona-konjunkturpaket","status":"publish","type":"post","link":"https:\/\/www.sinkacom.de\/blog\/mehrwertsteuer-anpassung-dank-corona-konjunkturpaket\/","title":{"rendered":"Mehrwertsteuer Anpassung dank Corona-Konjunkturpaket"},"content":{"rendered":"<div class=\"wpb-content-wrapper\"><p>[vc_row][vc_column]<div id=\"ultimate-heading-995869f3cac7103a4\" class=\"uvc-heading ult-adjust-bottom-margin ultimate-heading-995869f3cac7103a4 uvc-5892  uvc-heading-default-font-sizes\" data-hspacer=\"no_spacer\"  data-halign=\"left\" style=\"text-align:left\"><div class=\"uvc-heading-spacer no_spacer\" style=\"top\"><\/div><div class=\"uvc-main-heading ult-responsive\"  data-ultimate-target='.uvc-heading.ultimate-heading-995869f3cac7103a4 h1'  data-responsive-json-new='{\"font-size\":\"\",\"line-height\":\"\"}' ><h1 style=\"--font-weight:theme;margin-bottom:30px;\">Mehrwertsteuer Anpassung dank Corona-Konjunkturpaket<\/h1><\/div><\/div>[\/vc_column][vc_column][vc_column_text]<\/p>\r\n<h2>\u00a0<\/h2>\r\n<h2>Konjunktur- und Zukunftspaket<\/h2>\r\n<p>Am 03.06.2020 hat unsere Bundesregierung auf ein umfangreiches <a href=\"https:\/\/www.bundesregierung.de\/breg-de\/aktuelles\/pressekonferenz-zu-konjunktur-krisenbewaeltigungspaket-und-zukunftspaket-1757642\">Konjunkturpaket<\/a> verst\u00e4ndigt. Mit einem Umfang von 130 Milliarden Euro sollen mit diesem Paket Arbeitspl\u00e4tze gesichert werden und die Wirtschaft wieder angekurbelt werden. Neben Hilfen f\u00fcr Kommunen, F\u00f6rderung von Zukunftstechnologien, Zusch\u00fcsse f\u00fcr Familien sieht das Ma\u00dfnahmenpaket auch die tempor\u00e4re Senkung der Mehrwertsteuer vor. Vom 1. Juli bis zum 31. Dezember 2020 wird der Mehrwertsteuersatz von 19 Prozent auf 16 Prozent und der erm\u00e4\u00dfigte Satz von 7 Prozent auf 5 Prozent gesenkt.<\/p>\r\n<blockquote>\r\n<p><strong>&#8222;<em>Das rege den Konsum an und sei sozial gerecht ausgestaltet, weil die Mehrwertsteuer von allen gezahlt werde, so die Kanzlerin.&#8220;<\/em><\/strong><\/p>\r\n<\/blockquote>\r\n<p>[\/vc_column_text][\/vc_column][\/vc_row][vc_row][vc_column width=&#8220;2\/3&#8243;][vc_column_text]<\/p>\r\n<p>Von der beschlossenen Senkung der Mehrwertsteuer sollen sowohl Konsumenten als auch der Handel profitieren. Es besteht keine Pflicht zur Senkung der Preise. Jedes einzelne Unternehmen kann selbst entscheiden, ob es die Mehrwertsteuersenkung an die Verbraucher weitergibt.<\/p>\r\n<p>Eine Anpassung der Preisschilder sei aufgrund der kurzen vorgesehenen Dauer der Senkung von lediglich einem halben Jahr nicht erforderlich. Es ist ebenso m\u00f6glich den Gesamtpreis erst an der Kasse zu reduzieren.<\/p>\r\n<p>[\/vc_column_text][\/vc_column][vc_column width=&#8220;1\/3&#8243;][vc_single_image image=&#8220;2800&#8243;][\/vc_column][\/vc_row][vc_row][vc_column][vc_column_text]<\/p>\r\n<p>Bleibt abzuwarten, wie eine solche Ma\u00dfnahme beim Kunden ankommt. Wird eine zu geringe Preistransparenz bem\u00e4ngelt oder st\u00f6\u00dft eine solche Vorgehensweise auf Akzeptanz beim Endverbraucher.<\/p>\r\n<p>&nbsp;<\/p>\r\n<h2>Herausforderung f\u00fcr den Handel<\/h2>\r\n<p>Bis zum 1. Juli kommen nun auf den Handel einige Anpassungen Ihrer Systeme zu. So muss die Mehrwertsteuer u.a. auch in vorhandenen Online-Shops angepasst werden. H\u00e4ndler stehen vor einigen Herausforderungen, m\u00fcssen sich f\u00fcr einen f\u00fcr sie gangbaren Weg entscheiden und diesen dann auch entsprechend umsetzen. Und dies in einer doch sehr kurzen Zeitspanne. Welche Anpassungen auch immer vorgenommen werden, diese m\u00fcssen nach der kurzen Periode von einem halben Jahr auch wieder zur\u00fcckge\u00e4ndert werden.<\/p>\r\n<p>Hier wird die Akzeptanz beim Endverbraucher eher geringer ausfallen, da dann die Preise aufgrund der Anpassung von 16 Prozent auf 19 Prozent und von 5 Prozent auf 7 Prozent wieder angehoben werden.<\/p>\r\n<p>Spannend bleibt \u2013 gibt der Handel die Mehrwertsteuersenkung an den Verbraucher weiter oder nicht. Und was geschieht zum 01. Januar 2021. Erh\u00f6hen dann gar die H\u00e4ndler, die die Ersparnis nicht weitergegeben haben?<\/p>\r\n<p>Einige Handelsketten haben bereits zur Umstellung und Weitergabe \u00f6ffentlich Stellung bezogen.<\/p>\r\n<blockquote>\r\n<p><strong><em>\u201eWir haben jetzt eine Menge Arbeit damit. Aber wir werden uns dieser Aufgabe stellen &#8211; und werden das auch an die Kunden weitergeben&#8220;,<\/em><\/strong><\/p>\r\n<\/blockquote>\r\n<p>sagte ein Sprecher der Supermarktkette Rewe. Auch andere Handelsketten wie Aldi, Edeka, Lidl und Netto hatten bereits angek\u00fcndigt die Mehrwertsteuersenkung an die Kunden weitergeben zu wollen, allerdings noch nicht in welcher Art dies geschehen soll.<\/p>\r\n<p>&nbsp;<\/p>\r\n<h2>Unterst\u00fctzung bei den Shopsystemen Shopware5 und OXID<\/h2>\r\n<p>Wir haben nun f\u00fcr unsere Kunden eine Kurzanleitung f\u00fcr die Umstellung der Mehrwertsteuer in den Shopsystemen Shopware5 und OXID erstellt und m\u00f6chten diese gerne hier teilen. Bitte beachten Sie, dass diese Kurzanleitung hat nicht den Anspruch umsatzsteuerlichen Fragestellungen oder Umsetzungsvarianten, die in ihrem Unternehmen auftreten k\u00f6nnten zu ber\u00fccksichtigen. Ebenso stellt sie keine Rechts- oder Steuerberatung dar. Wir weisen daher darauf hin, dass eine Umsetzung bzw. \u00c4nderung der Mehrwertsteuers\u00e4tze in ihrem Shopsystem, in den mit diesem zus\u00e4tzlich verbundenen technischen Systemen zu anderen Ergebnissen als den hier beschriebenen f\u00fchren kann.<\/p>\r\n<p>[\/vc_column_text][\/vc_column][\/vc_row][vc_row][vc_column][vc_column_text]<\/p>\r\n<h2>Kurzanleitungen zur Umsetzung<\/h2>\r\n<p>F\u00fcr die Online Shopsysteme Shopware5 und OXID haben wir nachfolgend eine Kurzanleitung zur Anpassung der Mehrwertsteuer.<\/p>\r\n<p>[\/vc_column_text][\/vc_column][\/vc_row][vc_row][vc_column width=&#8220;1\/2&#8243;]<div class=\"uavc-list-icon uavc-list-icon-wrapper ult-adjust-bottom-margin   \"><ul class=\"uavc-list\"><li><div class=\"uavc-list-content\" id=\"list-icon-wrap-7941\">\n<div class=\"uavc-list-icon  \" data-animation=\"\" data-animation-delay=\"03\" style=\"margin-right:5px;\"><div class=\"ult-just-icon-wrapper  \"><div class=\"align-icon\" style=\"text-align:center;\">\n<div class=\"aio-icon none \"  style=\"color:#dd3333;font-size:32px;display:inline-block;\">\n\t<i class=\"Defaults-file-pdf-o\"><\/i>\n<\/div><\/div><\/div>\n<\/div><span  data-ultimate-target='#list-icon-wrap-7941 .uavc-list-desc'  data-responsive-json-new='{\"font-size\":\"\",\"line-height\":\"\"}'  class=\"uavc-list-desc ult-responsive\" style=\"\"><\/p>\r\n<p><a href=\"https:\/\/www.sinkacom.de\/blog\/wp-content\/uploads\/2020\/06\/Anleitung_MwSt-Anpassung_Shopware5.pdf\">Kurzanleitung Anpassungen in Shopware<\/a><\/p>\r\n<p><\/span><\/div><\/li><\/ul><\/div>[\/vc_column][vc_column width=&#8220;1\/2&#8243;]<div class=\"uavc-list-icon uavc-list-icon-wrapper ult-adjust-bottom-margin   \"><ul class=\"uavc-list\"><li><div class=\"uavc-list-content\" id=\"list-icon-wrap-9605\">\n<div class=\"uavc-list-icon  \" data-animation=\"\" data-animation-delay=\"03\" style=\"margin-right:5px;\"><div class=\"ult-just-icon-wrapper  \"><div class=\"align-icon\" style=\"text-align:center;\">\n<div class=\"aio-icon none \"  style=\"color:#dd3333;font-size:32px;display:inline-block;\">\n\t<i class=\"Defaults-file-pdf-o\"><\/i>\n<\/div><\/div><\/div>\n<\/div><span  data-ultimate-target='#list-icon-wrap-9605 .uavc-list-desc'  data-responsive-json-new='{\"font-size\":\"\",\"line-height\":\"\"}'  class=\"uavc-list-desc ult-responsive\" style=\"\"><\/p>\r\n<p><a href=\"https:\/\/www.sinkacom.de\/blog\/wp-content\/uploads\/2020\/06\/Anleitung_MwSt-Anpassung_OXID.pdf\">Kurzanleitung Anpassungen in OXID<\/a><\/p>\r\n<p><\/span><\/div><\/li><\/ul><\/div>[\/vc_column][\/vc_row][vc_row][vc_column][vc_column_text][\/vc_column_text][\/vc_column][\/vc_row]<\/p><\/div>","protected":false},"excerpt":{"rendered":"<p>[vc_row][vc_column][\/vc_column][vc_column][vc_column_text] \u00a0 Konjunktur- und Zukunftspaket Am 03.06.2020 hat unsere Bundesregierung auf ein umfangreiches Konjunkturpaket verst\u00e4ndigt. Mit einem Umfang von 130 Milliarden Euro sollen mit diesem Paket Arbeitspl\u00e4tze gesichert werden und die Wirtschaft wieder angekurbelt werden. Neben Hilfen f\u00fcr Kommunen, F\u00f6rderung von Zukunftstechnologien, Zusch\u00fcsse f\u00fcr Familien sieht das Ma\u00dfnahmenpaket auch die tempor\u00e4re Senkung der Mehrwertsteuer vor.&hellip;<\/p>\n","protected":false},"author":6,"featured_media":2794,"comment_status":"open","ping_status":"open","sticky":false,"template":"","format":"standard","meta":{"footnotes":""},"categories":[13,2],"tags":[29,112],"class_list":["post-2761","post","type-post","status-publish","format-standard","has-post-thumbnail","hentry","category-retail","category-webapp","tag-ecommerce","tag-online-shop","category-13","category-2","description-off"],"yoast_head":"<!-- This site is optimized with the Yoast SEO plugin v25.7 - https:\/\/yoast.com\/wordpress\/plugins\/seo\/ -->\n<title>SinkaCom Blog - Mehrwertsteuer Anpassung dank Corona-Konjunkturpaket %<\/title>\n<meta name=\"description\" content=\"\u00a0 Konjunktur- und Zukunftspaket Am 03.06.2020 hat unsere Bundesregierung auf ein umfangreiches Konjunkturpaket verst\u00e4ndigt. Mit einem Umfang von 130 SinkaCom Blog\" \/>\n<meta name=\"robots\" content=\"index, follow, max-snippet:-1, max-image-preview:large, max-video-preview:-1\" \/>\n<link rel=\"canonical\" href=\"https:\/\/www.sinkacom.de\/blog\/mehrwertsteuer-anpassung-dank-corona-konjunkturpaket\/\" \/>\n<meta property=\"og:locale\" content=\"de_DE\" \/>\n<meta property=\"og:type\" content=\"article\" \/>\n<meta property=\"og:title\" content=\"SinkaCom Blog - Mehrwertsteuer Anpassung dank Corona-Konjunkturpaket %\" \/>\n<meta property=\"og:description\" content=\"\u00a0 Konjunktur- und Zukunftspaket Am 03.06.2020 hat unsere Bundesregierung auf ein umfangreiches Konjunkturpaket verst\u00e4ndigt. Mit einem Umfang von 130 SinkaCom Blog\" \/>\n<meta property=\"og:url\" content=\"https:\/\/www.sinkacom.de\/blog\/mehrwertsteuer-anpassung-dank-corona-konjunkturpaket\/\" \/>\n<meta property=\"og:site_name\" content=\"SinkaCom Blog\" \/>\n<meta property=\"article:published_time\" content=\"2020-06-15T09:00:19+00:00\" \/>\n<meta property=\"og:image\" content=\"https:\/\/www.sinkacom.de\/blog\/wp-content\/uploads\/2020\/06\/Fotolia_61268619_M-min.jpg\" \/>\n\t<meta property=\"og:image:width\" content=\"1688\" \/>\n\t<meta property=\"og:image:height\" content=\"1126\" \/>\n\t<meta property=\"og:image:type\" content=\"image\/jpeg\" \/>\n<meta name=\"author\" content=\"tamara.arnold\" \/>\n<meta name=\"twitter:label1\" content=\"Verfasst von\" \/>\n\t<meta name=\"twitter:data1\" content=\"tamara.arnold\" \/>\n\t<meta name=\"twitter:label2\" content=\"Gesch\u00e4tzte Lesezeit\" \/>\n\t<meta name=\"twitter:data2\" content=\"4\u00a0Minuten\" \/>\n<script type=\"application\/ld+json\" class=\"yoast-schema-graph\">{\"@context\":\"https:\/\/schema.org\",\"@graph\":[{\"@type\":\"Article\",\"@id\":\"https:\/\/www.sinkacom.de\/blog\/mehrwertsteuer-anpassung-dank-corona-konjunkturpaket\/#article\",\"isPartOf\":{\"@id\":\"https:\/\/www.sinkacom.de\/blog\/mehrwertsteuer-anpassung-dank-corona-konjunkturpaket\/\"},\"author\":{\"name\":\"tamara.arnold\",\"@id\":\"https:\/\/www.sinkacom.de\/blog\/#\/schema\/person\/49ab1ce3f83cf5ec14bc11245c68e793\"},\"headline\":\"Mehrwertsteuer Anpassung dank Corona-Konjunkturpaket\",\"datePublished\":\"2020-06-15T09:00:19+00:00\",\"mainEntityOfPage\":{\"@id\":\"https:\/\/www.sinkacom.de\/blog\/mehrwertsteuer-anpassung-dank-corona-konjunkturpaket\/\"},\"wordCount\":704,\"commentCount\":0,\"publisher\":{\"@id\":\"https:\/\/www.sinkacom.de\/blog\/#organization\"},\"image\":{\"@id\":\"https:\/\/www.sinkacom.de\/blog\/mehrwertsteuer-anpassung-dank-corona-konjunkturpaket\/#primaryimage\"},\"thumbnailUrl\":\"https:\/\/www.sinkacom.de\/blog\/wp-content\/uploads\/2020\/06\/Fotolia_61268619_M-min.jpg\",\"keywords\":[\"eCommerce\",\"Online-Shop\"],\"articleSection\":[\"Retail\",\"Web &amp; App\"],\"inLanguage\":\"de\",\"potentialAction\":[{\"@type\":\"CommentAction\",\"name\":\"Comment\",\"target\":[\"https:\/\/www.sinkacom.de\/blog\/mehrwertsteuer-anpassung-dank-corona-konjunkturpaket\/#respond\"]}]},{\"@type\":\"WebPage\",\"@id\":\"https:\/\/www.sinkacom.de\/blog\/mehrwertsteuer-anpassung-dank-corona-konjunkturpaket\/\",\"url\":\"https:\/\/www.sinkacom.de\/blog\/mehrwertsteuer-anpassung-dank-corona-konjunkturpaket\/\",\"name\":\"SinkaCom Blog - Mehrwertsteuer Anpassung dank Corona-Konjunkturpaket %\",\"isPartOf\":{\"@id\":\"https:\/\/www.sinkacom.de\/blog\/#website\"},\"primaryImageOfPage\":{\"@id\":\"https:\/\/www.sinkacom.de\/blog\/mehrwertsteuer-anpassung-dank-corona-konjunkturpaket\/#primaryimage\"},\"image\":{\"@id\":\"https:\/\/www.sinkacom.de\/blog\/mehrwertsteuer-anpassung-dank-corona-konjunkturpaket\/#primaryimage\"},\"thumbnailUrl\":\"https:\/\/www.sinkacom.de\/blog\/wp-content\/uploads\/2020\/06\/Fotolia_61268619_M-min.jpg\",\"datePublished\":\"2020-06-15T09:00:19+00:00\",\"description\":\"\u00a0 Konjunktur- und Zukunftspaket Am 03.06.2020 hat unsere Bundesregierung auf ein umfangreiches Konjunkturpaket verst\u00e4ndigt. Mit einem Umfang von 130 SinkaCom Blog\",\"breadcrumb\":{\"@id\":\"https:\/\/www.sinkacom.de\/blog\/mehrwertsteuer-anpassung-dank-corona-konjunkturpaket\/#breadcrumb\"},\"inLanguage\":\"de\",\"potentialAction\":[{\"@type\":\"ReadAction\",\"target\":[\"https:\/\/www.sinkacom.de\/blog\/mehrwertsteuer-anpassung-dank-corona-konjunkturpaket\/\"]}]},{\"@type\":\"ImageObject\",\"inLanguage\":\"de\",\"@id\":\"https:\/\/www.sinkacom.de\/blog\/mehrwertsteuer-anpassung-dank-corona-konjunkturpaket\/#primaryimage\",\"url\":\"https:\/\/www.sinkacom.de\/blog\/wp-content\/uploads\/2020\/06\/Fotolia_61268619_M-min.jpg\",\"contentUrl\":\"https:\/\/www.sinkacom.de\/blog\/wp-content\/uploads\/2020\/06\/Fotolia_61268619_M-min.jpg\",\"width\":1688,\"height\":1126,\"caption\":\"Konsum\"},{\"@type\":\"BreadcrumbList\",\"@id\":\"https:\/\/www.sinkacom.de\/blog\/mehrwertsteuer-anpassung-dank-corona-konjunkturpaket\/#breadcrumb\",\"itemListElement\":[{\"@type\":\"ListItem\",\"position\":1,\"name\":\"Home\",\"item\":\"https:\/\/www.sinkacom.de\/blog\/\"},{\"@type\":\"ListItem\",\"position\":2,\"name\":\"Mehrwertsteuer Anpassung dank Corona-Konjunkturpaket\"}]},{\"@type\":\"WebSite\",\"@id\":\"https:\/\/www.sinkacom.de\/blog\/#website\",\"url\":\"https:\/\/www.sinkacom.de\/blog\/\",\"name\":\"SinkaCom Blog\",\"description\":\"\",\"publisher\":{\"@id\":\"https:\/\/www.sinkacom.de\/blog\/#organization\"},\"potentialAction\":[{\"@type\":\"SearchAction\",\"target\":{\"@type\":\"EntryPoint\",\"urlTemplate\":\"https:\/\/www.sinkacom.de\/blog\/?s={search_term_string}\"},\"query-input\":{\"@type\":\"PropertyValueSpecification\",\"valueRequired\":true,\"valueName\":\"search_term_string\"}}],\"inLanguage\":\"de\"},{\"@type\":\"Organization\",\"@id\":\"https:\/\/www.sinkacom.de\/blog\/#organization\",\"name\":\"SinkaCom AG\",\"url\":\"https:\/\/www.sinkacom.de\/blog\/\",\"logo\":{\"@type\":\"ImageObject\",\"inLanguage\":\"de\",\"@id\":\"https:\/\/www.sinkacom.de\/blog\/#\/schema\/logo\/image\/\",\"url\":\"\",\"contentUrl\":\"\",\"caption\":\"SinkaCom AG\"},\"image\":{\"@id\":\"https:\/\/www.sinkacom.de\/blog\/#\/schema\/logo\/image\/\"}},{\"@type\":\"Person\",\"@id\":\"https:\/\/www.sinkacom.de\/blog\/#\/schema\/person\/49ab1ce3f83cf5ec14bc11245c68e793\",\"name\":\"tamara.arnold\",\"url\":\"https:\/\/www.sinkacom.de\/blog\/author\/tamara-arnold\/\"}]}<\/script>\n<!-- \/ Yoast SEO plugin. -->","yoast_head_json":{"title":"SinkaCom Blog - Mehrwertsteuer Anpassung dank Corona-Konjunkturpaket %","description":"\u00a0 Konjunktur- und Zukunftspaket Am 03.06.2020 hat unsere Bundesregierung auf ein umfangreiches Konjunkturpaket verst\u00e4ndigt. Mit einem Umfang von 130 SinkaCom Blog","robots":{"index":"index","follow":"follow","max-snippet":"max-snippet:-1","max-image-preview":"max-image-preview:large","max-video-preview":"max-video-preview:-1"},"canonical":"https:\/\/www.sinkacom.de\/blog\/mehrwertsteuer-anpassung-dank-corona-konjunkturpaket\/","og_locale":"de_DE","og_type":"article","og_title":"SinkaCom Blog - Mehrwertsteuer Anpassung dank Corona-Konjunkturpaket %","og_description":"\u00a0 Konjunktur- und Zukunftspaket Am 03.06.2020 hat unsere Bundesregierung auf ein umfangreiches Konjunkturpaket verst\u00e4ndigt. Mit einem Umfang von 130 SinkaCom Blog","og_url":"https:\/\/www.sinkacom.de\/blog\/mehrwertsteuer-anpassung-dank-corona-konjunkturpaket\/","og_site_name":"SinkaCom Blog","article_published_time":"2020-06-15T09:00:19+00:00","og_image":[{"width":1688,"height":1126,"url":"https:\/\/www.sinkacom.de\/blog\/wp-content\/uploads\/2020\/06\/Fotolia_61268619_M-min.jpg","type":"image\/jpeg"}],"author":"tamara.arnold","twitter_misc":{"Verfasst von":"tamara.arnold","Gesch\u00e4tzte Lesezeit":"4\u00a0Minuten"},"schema":{"@context":"https:\/\/schema.org","@graph":[{"@type":"Article","@id":"https:\/\/www.sinkacom.de\/blog\/mehrwertsteuer-anpassung-dank-corona-konjunkturpaket\/#article","isPartOf":{"@id":"https:\/\/www.sinkacom.de\/blog\/mehrwertsteuer-anpassung-dank-corona-konjunkturpaket\/"},"author":{"name":"tamara.arnold","@id":"https:\/\/www.sinkacom.de\/blog\/#\/schema\/person\/49ab1ce3f83cf5ec14bc11245c68e793"},"headline":"Mehrwertsteuer Anpassung dank Corona-Konjunkturpaket","datePublished":"2020-06-15T09:00:19+00:00","mainEntityOfPage":{"@id":"https:\/\/www.sinkacom.de\/blog\/mehrwertsteuer-anpassung-dank-corona-konjunkturpaket\/"},"wordCount":704,"commentCount":0,"publisher":{"@id":"https:\/\/www.sinkacom.de\/blog\/#organization"},"image":{"@id":"https:\/\/www.sinkacom.de\/blog\/mehrwertsteuer-anpassung-dank-corona-konjunkturpaket\/#primaryimage"},"thumbnailUrl":"https:\/\/www.sinkacom.de\/blog\/wp-content\/uploads\/2020\/06\/Fotolia_61268619_M-min.jpg","keywords":["eCommerce","Online-Shop"],"articleSection":["Retail","Web &amp; App"],"inLanguage":"de","potentialAction":[{"@type":"CommentAction","name":"Comment","target":["https:\/\/www.sinkacom.de\/blog\/mehrwertsteuer-anpassung-dank-corona-konjunkturpaket\/#respond"]}]},{"@type":"WebPage","@id":"https:\/\/www.sinkacom.de\/blog\/mehrwertsteuer-anpassung-dank-corona-konjunkturpaket\/","url":"https:\/\/www.sinkacom.de\/blog\/mehrwertsteuer-anpassung-dank-corona-konjunkturpaket\/","name":"SinkaCom Blog - Mehrwertsteuer Anpassung dank Corona-Konjunkturpaket %","isPartOf":{"@id":"https:\/\/www.sinkacom.de\/blog\/#website"},"primaryImageOfPage":{"@id":"https:\/\/www.sinkacom.de\/blog\/mehrwertsteuer-anpassung-dank-corona-konjunkturpaket\/#primaryimage"},"image":{"@id":"https:\/\/www.sinkacom.de\/blog\/mehrwertsteuer-anpassung-dank-corona-konjunkturpaket\/#primaryimage"},"thumbnailUrl":"https:\/\/www.sinkacom.de\/blog\/wp-content\/uploads\/2020\/06\/Fotolia_61268619_M-min.jpg","datePublished":"2020-06-15T09:00:19+00:00","description":"\u00a0 Konjunktur- und Zukunftspaket Am 03.06.2020 hat unsere Bundesregierung auf ein umfangreiches Konjunkturpaket verst\u00e4ndigt. Mit einem Umfang von 130 SinkaCom Blog","breadcrumb":{"@id":"https:\/\/www.sinkacom.de\/blog\/mehrwertsteuer-anpassung-dank-corona-konjunkturpaket\/#breadcrumb"},"inLanguage":"de","potentialAction":[{"@type":"ReadAction","target":["https:\/\/www.sinkacom.de\/blog\/mehrwertsteuer-anpassung-dank-corona-konjunkturpaket\/"]}]},{"@type":"ImageObject","inLanguage":"de","@id":"https:\/\/www.sinkacom.de\/blog\/mehrwertsteuer-anpassung-dank-corona-konjunkturpaket\/#primaryimage","url":"https:\/\/www.sinkacom.de\/blog\/wp-content\/uploads\/2020\/06\/Fotolia_61268619_M-min.jpg","contentUrl":"https:\/\/www.sinkacom.de\/blog\/wp-content\/uploads\/2020\/06\/Fotolia_61268619_M-min.jpg","width":1688,"height":1126,"caption":"Konsum"},{"@type":"BreadcrumbList","@id":"https:\/\/www.sinkacom.de\/blog\/mehrwertsteuer-anpassung-dank-corona-konjunkturpaket\/#breadcrumb","itemListElement":[{"@type":"ListItem","position":1,"name":"Home","item":"https:\/\/www.sinkacom.de\/blog\/"},{"@type":"ListItem","position":2,"name":"Mehrwertsteuer Anpassung dank Corona-Konjunkturpaket"}]},{"@type":"WebSite","@id":"https:\/\/www.sinkacom.de\/blog\/#website","url":"https:\/\/www.sinkacom.de\/blog\/","name":"SinkaCom Blog","description":"","publisher":{"@id":"https:\/\/www.sinkacom.de\/blog\/#organization"},"potentialAction":[{"@type":"SearchAction","target":{"@type":"EntryPoint","urlTemplate":"https:\/\/www.sinkacom.de\/blog\/?s={search_term_string}"},"query-input":{"@type":"PropertyValueSpecification","valueRequired":true,"valueName":"search_term_string"}}],"inLanguage":"de"},{"@type":"Organization","@id":"https:\/\/www.sinkacom.de\/blog\/#organization","name":"SinkaCom AG","url":"https:\/\/www.sinkacom.de\/blog\/","logo":{"@type":"ImageObject","inLanguage":"de","@id":"https:\/\/www.sinkacom.de\/blog\/#\/schema\/logo\/image\/","url":"","contentUrl":"","caption":"SinkaCom AG"},"image":{"@id":"https:\/\/www.sinkacom.de\/blog\/#\/schema\/logo\/image\/"}},{"@type":"Person","@id":"https:\/\/www.sinkacom.de\/blog\/#\/schema\/person\/49ab1ce3f83cf5ec14bc11245c68e793","name":"tamara.arnold","url":"https:\/\/www.sinkacom.de\/blog\/author\/tamara-arnold\/"}]}},"_links":{"self":[{"href":"https:\/\/www.sinkacom.de\/blog\/wp-json\/wp\/v2\/posts\/2761","targetHints":{"allow":["GET"]}}],"collection":[{"href":"https:\/\/www.sinkacom.de\/blog\/wp-json\/wp\/v2\/posts"}],"about":[{"href":"https:\/\/www.sinkacom.de\/blog\/wp-json\/wp\/v2\/types\/post"}],"author":[{"embeddable":true,"href":"https:\/\/www.sinkacom.de\/blog\/wp-json\/wp\/v2\/users\/6"}],"replies":[{"embeddable":true,"href":"https:\/\/www.sinkacom.de\/blog\/wp-json\/wp\/v2\/comments?post=2761"}],"version-history":[{"count":7,"href":"https:\/\/www.sinkacom.de\/blog\/wp-json\/wp\/v2\/posts\/2761\/revisions"}],"predecessor-version":[{"id":3179,"href":"https:\/\/www.sinkacom.de\/blog\/wp-json\/wp\/v2\/posts\/2761\/revisions\/3179"}],"wp:featuredmedia":[{"embeddable":true,"href":"https:\/\/www.sinkacom.de\/blog\/wp-json\/wp\/v2\/media\/2794"}],"wp:attachment":[{"href":"https:\/\/www.sinkacom.de\/blog\/wp-json\/wp\/v2\/media?parent=2761"}],"wp:term":[{"taxonomy":"category","embeddable":true,"href":"https:\/\/www.sinkacom.de\/blog\/wp-json\/wp\/v2\/categories?post=2761"},{"taxonomy":"post_tag","embeddable":true,"href":"https:\/\/www.sinkacom.de\/blog\/wp-json\/wp\/v2\/tags?post=2761"}],"curies":[{"name":"wp","href":"https:\/\/api.w.org\/{rel}","templated":true}]}}